{"id":7094,"date":"2022-10-14T15:01:00","date_gmt":"2022-10-14T19:01:00","guid":{"rendered":"https:\/\/bi.mtess.gov.py\/v1\/?p=7094"},"modified":"2022-10-14T15:01:00","modified_gmt":"2022-10-14T19:01:00","slug":"los-oficios-tecnicos-son-los-que-tienen-mayor-salida-laboral-afirmo-la-ministra-bacigalupo","status":"publish","type":"post","link":"https:\/\/www.mtess.gov.py\/?p=7094","title":{"rendered":"Los oficios t\u00e9cnicos son los que tienen mayor salida laboral, afirm\u00f3 la ministra Bacigalupo"},"content":{"rendered":"<p style=\"text-align: justify\"><span style=\"font-size: 16px\">Bacigalupo se\u00f1al\u00f3 que desde el<br \/>\n2018 la cartera de Estado inici\u00f3 una transformaci\u00f3n profunda del<br \/>\nsistema de capacitaci\u00f3n para adecuar sus mallas curriculares de las<br \/>\ndiversas \u00e1reas t\u00e9cnicas a la demanda de trabajadores de las<br \/>\nempresas de bienes y de servicios. La Estrategia Nacional de<br \/>\nFormaci\u00f3n Profesional se implement\u00f3 para la innovaci\u00f3n constante<br \/>\nde la oferta de cursos y contenidos con el objetivo de un impacto<br \/>\nreal en la productividad nacional mediante la inversi\u00f3n en el<br \/>\ncapital humano para formar mano de obra calificada, manifest\u00f3 la<br \/>\nministra de Trabajo.<\/span><\/p>\n<p style=\"text-align: justify\"><span style=\"font-size: 16px\">Entre<br \/>\nlos oficios con salida laboral asegurada mencion\u00f3 de las \u00e1reas de<br \/>\nmetalmec\u00e1nica, construcci\u00f3n, as\u00ed como de mec\u00e1nica automotriz,<br \/>\nelectricidad del autom\u00f3vil, refrigeraci\u00f3n, t\u00e9cnico en seguridad<br \/>\nocupacional, inform\u00e1tica que incluyen varias especialidades de<br \/>\nhabilidades digitales; tambi\u00e9n de administraci\u00f3n, venta, call<br \/>\ncenter, gastronom\u00eda, entre varias otras.<\/span><\/p>\n<p style=\"text-align: justify\"><span style=\"font-size: 16px\">La<br \/>\nministra Bacigalupo dijo que el Ministerio de Trabajo dejar\u00e1 una<br \/>\ncapacidad de gesti\u00f3n instalada para el pr\u00f3ximo Gobierno en varias<br \/>\n\u00e1reas, adem\u00e1s de la<br \/>\ntransformaci\u00f3n del sistema de capacitaci\u00f3n laboral, se\u00f1al\u00f3 al<br \/>\nPlan Nacional de Empleo, elaborado<br \/>\npor un<br \/>\nequipo t\u00e9cnico de la cartera de Estado con el apoyo de especialistas<br \/>\nde  la Organizaci\u00f3n Internacional del Trabajo (OIT), con<br \/>\nparticipaci\u00f3n de los representantes de empleadores y trabajadores.<\/span><\/p>\n<p style=\"text-align: justify\"><span style=\"font-size: 16px\">El<br \/>\nPlan Nacional de Empleo tiene como objetivo fomentar el empleo<br \/>\ndecente impulsando pol\u00edticas y acciones que contribuyan a la<br \/>\nreactivaci\u00f3n y el crecimiento econ\u00f3mico, la estimulaci\u00f3n de la<br \/>\ndemanda, la reconversi\u00f3n laboral, el potenciamiento de adecuadas<br \/>\nhabilidades y competencias, la intermediaci\u00f3n y el fortalecimiento<br \/>\ninstitucional en un contexto inclusivo y sostenido.  <\/span><\/p>\n","protected":false},"excerpt":{"rendered":"<p>La ministra de Trabajo, Carla Bacigalupo, manifest\u00f3 que en la actualidad las personas con conocimientos y habilidades t\u00e9cnicas con las que tienen mayores posibilidades de encontrar un trabajo formal, por lo que inst\u00f3 a los j\u00f3venes a capacitarse a trav\u00e9s de los cursos que se imparten en sus entes como el Servicio Nacional de Promoci\u00f3n Profesional (SNPP), el Sistema Nacional de Formaci\u00f3n y Capacitaci\u00f3n Laboral (Sinafocal) y el Centro de Entrenamiento del Emprendedor (CEE).<\/p>\n","protected":false},"author":7,"featured_media":27810,"comment_status":"open","ping_status":"open","sticky":false,"template":"","format":"standard","meta":{"_acf_changed":false,"_uag_custom_page_level_css":"","footnotes":""},"categories":[1],"tags":[],"class_list":["post-7094","post","type-post","status-publish","format-standard","has-post-thumbnail","hentry","category-sin-categoria"],"acf":[],"uagb_featured_image_src":{"full":["https:\/\/www.mtess.gov.py\/wp-content\/uploads\/2022\/10\/1-20.jpg",1600,900,false],"thumbnail":["https:\/\/www.mtess.gov.py\/wp-content\/uploads\/2022\/10\/1-20-150x150.jpg",150,150,true],"medium":["https:\/\/www.mtess.gov.py\/wp-content\/uploads\/2022\/10\/1-20-300x169.jpg",300,169,true],"medium_large":["https:\/\/www.mtess.gov.py\/wp-content\/uploads\/2022\/10\/1-20-768x432.jpg",768,432,true],"large":["https:\/\/www.mtess.gov.py\/wp-content\/uploads\/2022\/10\/1-20-300x169.jpg",300,169,true],"1536x1536":["https:\/\/www.mtess.gov.py\/wp-content\/uploads\/2022\/10\/1-20-1536x864.jpg",1536,864,true],"2048x2048":["https:\/\/www.mtess.gov.py\/wp-content\/uploads\/2022\/10\/1-20.jpg",1600,900,false],"depicter-thumbnail":["https:\/\/www.mtess.gov.py\/wp-content\/uploads\/2022\/10\/1-20.jpg",200,113,false]},"uagb_author_info":{"display_name":"Lucas Santacruz","author_link":"https:\/\/www.mtess.gov.py\/?author=7"},"uagb_comment_info":0,"uagb_excerpt":"La ministra de Trabajo, Carla Bacigalupo, manifest\u00f3 que en la actualidad las personas con conocimientos y habilidades t\u00e9cnicas con las que tienen mayores posibilidades de encontrar un trabajo formal, por lo que inst\u00f3 a los j\u00f3venes a capacitarse a trav\u00e9s de los cursos que se imparten en sus entes como el Servicio Nacional de Promoci\u00f3n&hellip;","_links":{"self":[{"href":"https:\/\/www.mtess.gov.py\/index.php?rest_route=\/wp\/v2\/posts\/7094","targetHints":{"allow":["GET"]}}],"collection":[{"href":"https:\/\/www.mtess.gov.py\/index.php?rest_route=\/wp\/v2\/posts"}],"about":[{"href":"https:\/\/www.mtess.gov.py\/index.php?rest_route=\/wp\/v2\/types\/post"}],"author":[{"embeddable":true,"href":"https:\/\/www.mtess.gov.py\/index.php?rest_route=\/wp\/v2\/users\/7"}],"replies":[{"embeddable":true,"href":"https:\/\/www.mtess.gov.py\/index.php?rest_route=%2Fwp%2Fv2%2Fcomments&post=7094"}],"version-history":[{"count":0,"href":"https:\/\/www.mtess.gov.py\/index.php?rest_route=\/wp\/v2\/posts\/7094\/revisions"}],"wp:featuredmedia":[{"embeddable":true,"href":"https:\/\/www.mtess.gov.py\/index.php?rest_route=\/wp\/v2\/media\/27810"}],"wp:attachment":[{"href":"https:\/\/www.mtess.gov.py\/index.php?rest_route=%2Fwp%2Fv2%2Fmedia&parent=7094"}],"wp:term":[{"taxonomy":"category","embeddable":true,"href":"https:\/\/www.mtess.gov.py\/index.php?rest_route=%2Fwp%2Fv2%2Fcategories&post=7094"},{"taxonomy":"post_tag","embeddable":true,"href":"https:\/\/www.mtess.gov.py\/index.php?rest_route=%2Fwp%2Fv2%2Ftags&post=7094"}],"curies":[{"name":"wp","href":"https:\/\/api.w.org\/{rel}","templated":true}]}}