{"id":7096,"date":"2022-10-11T16:29:00","date_gmt":"2022-10-11T20:29:00","guid":{"rendered":"https:\/\/bi.mtess.gov.py\/v1\/?p=7096"},"modified":"2022-10-11T16:29:00","modified_gmt":"2022-10-11T20:29:00","slug":"alianza-entre-el-ministerio-de-trabajo-y-automaq-permite-capacitacion-de-jovenes-en-la-modalidad-dual","status":"publish","type":"post","link":"https:\/\/www.mtess.gov.py\/?p=7096","title":{"rendered":"Alianza entre el Ministerio de Trabajo y Automaq permite capacitaci\u00f3n de j\u00f3venes en la modalidad dual"},"content":{"rendered":"<p style=\"text-align: justify\"><span style=\"font-size: 16px\">El modelo de formaci\u00f3n dual es<br \/>\nuna modalidad de ense\u00f1anza que se basa en un r\u00e9gimen de<br \/>\ncapacitaci\u00f3n combinada, es decir 70% de pr\u00e1ctica en la empresa y<br \/>\n30% de clases te\u00f3ricas en el Servicio Nacional de Promoci\u00f3n<br \/>\nProfesional (SNPP), conforme a un plan curricular. Su duraci\u00f3n es de<br \/>\ndos a\u00f1os y los aprendices perciben un salario de la empresa, con<br \/>\nseguro social del Instituto de Previsi\u00f3n Social (IPS).<\/span><\/p>\n<p style=\"text-align: justify\"><span style=\"font-size: 16px\">El<br \/>\nPrograma de Formaci\u00f3n Profesional Dual de la cartera de Estado es<br \/>\nuna estrategia de aprendizaje que es implementado en varios pa\u00edses<br \/>\ny tiene como objeto preparar a los aprendices para su vida<br \/>\nprofesional, implementando carreras de formaci\u00f3n profesional en<br \/>\nprofesiones espec\u00edficas conforme a la demanda del mercado laboral.<\/span><\/p>\n<p style=\"text-align: justify\"><span style=\"font-size: 16px\">Este<br \/>\nmartes la ministra de Trabajo, Carla Bacigalupo, particip\u00f3 de una<br \/>\nceremonia de presentaci\u00f3n de los j\u00f3venes estudiantes, que se<br \/>\nrealiz\u00f3 en la sede de la empresa con la presencia de los principales<br \/>\ndirectivos de Automaq, entre ellos su presidente, Jorge Pecci. En<br \/>\ndiciembre del a\u00f1o pasado suscribieron un convenio de cooperaci\u00f3n<br \/>\npara realizar actividades conjuntas entre ellas la capacitaci\u00f3n de<br \/>\nj\u00f3venes.<\/span><\/p>\n<p style=\"text-align: justify\"><span style=\"font-size: 16px\">La<br \/>\nministra de Trabajo y el titular de la empresa coincidieron en la<br \/>\nimportancia de fortalecer cada vez m\u00e1s la formaci\u00f3n t\u00e9cnica en<br \/>\ndiferentes \u00e1reas para que los j\u00f3venes puedan conseguir trabajo<br \/>\nformal r\u00e1pidamente. Bacigalupo sostuvo que pa\u00edses como Alemania y<br \/>\nSuiza priorizan la formaci\u00f3n t\u00e9cnica de j\u00f3venes en un 90% y que es<br \/>\nhora que en Paraguay y en la regi\u00f3n hacer lo mismo. Dijo que en<br \/>\nBrasil desde hace un buen tiempo ya se viene implementando tambi\u00e9n a<br \/>\ntrav\u00e9s del Servicio Nacional de Aprendizaje (SENAI).<br \/>\n<\/span><\/p>\n<p style=\"text-align: justify\"><span style=\"font-size: 16px\">Automaq<br \/>\nes una empresa paraguaya con una trayectoria de 60 a\u00f1os, que se<br \/>\nespecializa en actividades de representaci\u00f3n, importaci\u00f3n y<br \/>\ncomercializaci\u00f3n de productos y servicios en 4 divisiones<br \/>\ncomerciales:<br \/>\n\u2022\tDivisi\u00f3n<br \/>\nagr\u00edcola,<br \/>\ncon la marca John Deere<br \/>\n\u2022\tDivisi\u00f3n autom\u00f3viles,<br \/>\ncon las marcas Citro\u00ebn y Peugeot <br \/>\n\u2022\tDivisi\u00f3n neum\u00e1ticos,<br \/>\ncon las marcas Michelin y BF Goodrich<br \/>\n\u2022\tDivisi\u00f3n<br \/>\nconstrucci\u00f3n,<br \/>\ncon las marcas Komatsu, Clark, Bomag, Berco, entre otras.<\/span><\/p>\n<p style=\"text-align: justify\"><span style=\"font-size: 16px\">Otras<br \/>\nentidades p\u00fablicas como INC y ANDE, al igual que del sector privado<br \/>\ncomo Nestl\u00e9 est\u00e1n implementando la formaci\u00f3n dual que permite a<br \/>\nmuchos aprender a trav\u00e9s de la pr\u00e1ctica, complementada en un 30%<br \/>\ncon la parte te\u00f3rica.  <\/span><\/p>\n","protected":false},"excerpt":{"rendered":"<p>Mediante una alianza entre el Ministerio de Trabajo, Empleo y Seguridad Social (MTESS) y la empresa Automaq 37 j\u00f3venes se est\u00e1n capacitando en la modalidad dual en Mec\u00e1nica automotriz y mec\u00e1nica de m\u00e1quinas pesadas, con posibilidades de ingresar como colaboradores de la firma una vez que culminen su formaci\u00f3n.<\/p>\n","protected":false},"author":7,"featured_media":27812,"comment_status":"open","ping_status":"open","sticky":false,"template":"","format":"standard","meta":{"_acf_changed":false,"_uag_custom_page_level_css":"","footnotes":""},"categories":[1],"tags":[],"class_list":["post-7096","post","type-post","status-publish","format-standard","has-post-thumbnail","hentry","category-sin-categoria"],"acf":[],"uagb_featured_image_src":{"full":["https:\/\/www.mtess.gov.py\/wp-content\/uploads\/2022\/10\/1-21.jpg",1600,900,false],"thumbnail":["https:\/\/www.mtess.gov.py\/wp-content\/uploads\/2022\/10\/1-21-150x150.jpg",150,150,true],"medium":["https:\/\/www.mtess.gov.py\/wp-content\/uploads\/2022\/10\/1-21-300x169.jpg",300,169,true],"medium_large":["https:\/\/www.mtess.gov.py\/wp-content\/uploads\/2022\/10\/1-21-768x432.jpg",768,432,true],"large":["https:\/\/www.mtess.gov.py\/wp-content\/uploads\/2022\/10\/1-21-300x169.jpg",300,169,true],"1536x1536":["https:\/\/www.mtess.gov.py\/wp-content\/uploads\/2022\/10\/1-21-1536x864.jpg",1536,864,true],"2048x2048":["https:\/\/www.mtess.gov.py\/wp-content\/uploads\/2022\/10\/1-21.jpg",1600,900,false],"depicter-thumbnail":["https:\/\/www.mtess.gov.py\/wp-content\/uploads\/2022\/10\/1-21.jpg",200,113,false]},"uagb_author_info":{"display_name":"Lucas Santacruz","author_link":"https:\/\/www.mtess.gov.py\/?author=7"},"uagb_comment_info":0,"uagb_excerpt":"Mediante una alianza entre el Ministerio de Trabajo, Empleo y Seguridad Social (MTESS) y la empresa Automaq 37 j\u00f3venes se est\u00e1n capacitando en la modalidad dual en Mec\u00e1nica automotriz y mec\u00e1nica de m\u00e1quinas pesadas, con posibilidades de ingresar como colaboradores de la firma una vez que culminen su formaci\u00f3n.","_links":{"self":[{"href":"https:\/\/www.mtess.gov.py\/index.php?rest_route=\/wp\/v2\/posts\/7096","targetHints":{"allow":["GET"]}}],"collection":[{"href":"https:\/\/www.mtess.gov.py\/index.php?rest_route=\/wp\/v2\/posts"}],"about":[{"href":"https:\/\/www.mtess.gov.py\/index.php?rest_route=\/wp\/v2\/types\/post"}],"author":[{"embeddable":true,"href":"https:\/\/www.mtess.gov.py\/index.php?rest_route=\/wp\/v2\/users\/7"}],"replies":[{"embeddable":true,"href":"https:\/\/www.mtess.gov.py\/index.php?rest_route=%2Fwp%2Fv2%2Fcomments&post=7096"}],"version-history":[{"count":0,"href":"https:\/\/www.mtess.gov.py\/index.php?rest_route=\/wp\/v2\/posts\/7096\/revisions"}],"wp:featuredmedia":[{"embeddable":true,"href":"https:\/\/www.mtess.gov.py\/index.php?rest_route=\/wp\/v2\/media\/27812"}],"wp:attachment":[{"href":"https:\/\/www.mtess.gov.py\/index.php?rest_route=%2Fwp%2Fv2%2Fmedia&parent=7096"}],"wp:term":[{"taxonomy":"category","embeddable":true,"href":"https:\/\/www.mtess.gov.py\/index.php?rest_route=%2Fwp%2Fv2%2Fcategories&post=7096"},{"taxonomy":"post_tag","embeddable":true,"href":"https:\/\/www.mtess.gov.py\/index.php?rest_route=%2Fwp%2Fv2%2Ftags&post=7096"}],"curies":[{"name":"wp","href":"https:\/\/api.w.org\/{rel}","templated":true}]}}