{"id":7100,"date":"2022-10-06T14:14:00","date_gmt":"2022-10-06T18:14:00","guid":{"rendered":"https:\/\/bi.mtess.gov.py\/v1\/?p=7100"},"modified":"2022-10-06T14:14:00","modified_gmt":"2022-10-06T18:14:00","slug":"mtess-entrega-certificados-de-capacitacion-a-480-personas-con-discapacidad","status":"publish","type":"post","link":"https:\/\/www.mtess.gov.py\/?p=7100","title":{"rendered":"MTESS entrega certificados de capacitaci\u00f3n a 480 personas con discapacidad"},"content":{"rendered":"<p style=\"text-align: justify\"><span style=\"font-size: 16px\">La iniciativa que brinda<br \/>\noportunidades de acceso al empleo y al emprendedurismo a personas con<br \/>\ndiscapacidad y a todo su entorno, fue posible mediante una alianza<br \/>\nentre el Ministerio de Trabajo, Empleo y Seguridad Social (MTESS) del<br \/>\nSinafocal junto con la fundaci\u00f3n Saraki.<\/span><\/p>\n<p style=\"text-align: justify\"><span style=\"font-size: 16px\"><br \/>\nDurante la ceremonia,<br \/>\nla ministra Carla Bacigalupo, destac\u00f3 la importancia de la inclusi\u00f3n<br \/>\nlaboral que abarca la capacidad, el empleo y el emprededurismo.<br \/>\n\u201cTenemos que creer en un Paraguay inclusivo, venimos trabajando<br \/>\ndesde el 2018 con Saraki y hoy los 480 egresados ya tienen la<br \/>\nposibilidad de trabajar o emprender\u201d, afirm\u00f3 la secretaria de<br \/>\nEstado al momento de agregar que en cuatro a\u00f1os el MTESS capacit\u00f3 a<br \/>\nm\u00e1s de siete mil personas con discapacidad.<\/span><\/p>\n<p style=\"text-align: justify\"><span style=\"font-size: 16px\">En total fueron<br \/>\ndictados 18 cursos bajo la modalidad virtual, a trav\u00e9s de uso de<br \/>\nplataforma accesible, amigable y de f\u00e1cil acceso para personas con<br \/>\ndiscapacidad y otros beneficiarios de poblaciones vulnerables.  Todos<br \/>\nlos participantes recibieron materiales, insumos y equipos<br \/>\ntecnol\u00f3gicos con conectividad, lo cual les permiti\u00f3 acceder a una<br \/>\nconexi\u00f3n en l\u00ednea para el desarrollo de las tutor\u00edas con docente,<br \/>\nfacilitadores e int\u00e9rpretes de lengua de se\u00f1as.<\/span><\/p>\n","protected":false},"excerpt":{"rendered":"<p>En el marco del programa \u201cOportunidades para la inclusi\u00f3n efectiva\u201d, la ministra de Trabajo, Empleo y Seguridad Social particip\u00f3 del cierre de varios cursos de capacitaci\u00f3n iniciados en el 2021 a trav\u00e9s del Sistema Nacional de Formaci\u00f3n Laboral (Sinafocal), los mismos fueron dictados en Asunci\u00f3n y en el departamento Central. La clausura se realiz\u00f3 en el sal\u00f3n auditorio de la fundaci\u00f3n Saraki.<\/p>\n","protected":false},"author":7,"featured_media":27816,"comment_status":"open","ping_status":"open","sticky":false,"template":"","format":"standard","meta":{"_acf_changed":false,"_uag_custom_page_level_css":"","footnotes":""},"categories":[1],"tags":[],"class_list":["post-7100","post","type-post","status-publish","format-standard","has-post-thumbnail","hentry","category-sin-categoria"],"acf":[],"uagb_featured_image_src":{"full":["https:\/\/www.mtess.gov.py\/wp-content\/uploads\/2022\/10\/1-22.jpg",1600,900,false],"thumbnail":["https:\/\/www.mtess.gov.py\/wp-content\/uploads\/2022\/10\/1-22-150x150.jpg",150,150,true],"medium":["https:\/\/www.mtess.gov.py\/wp-content\/uploads\/2022\/10\/1-22-300x169.jpg",300,169,true],"medium_large":["https:\/\/www.mtess.gov.py\/wp-content\/uploads\/2022\/10\/1-22-768x432.jpg",768,432,true],"large":["https:\/\/www.mtess.gov.py\/wp-content\/uploads\/2022\/10\/1-22-300x169.jpg",300,169,true],"1536x1536":["https:\/\/www.mtess.gov.py\/wp-content\/uploads\/2022\/10\/1-22-1536x864.jpg",1536,864,true],"2048x2048":["https:\/\/www.mtess.gov.py\/wp-content\/uploads\/2022\/10\/1-22.jpg",1600,900,false],"depicter-thumbnail":["https:\/\/www.mtess.gov.py\/wp-content\/uploads\/2022\/10\/1-22.jpg",200,113,false]},"uagb_author_info":{"display_name":"Lucas Santacruz","author_link":"https:\/\/www.mtess.gov.py\/?author=7"},"uagb_comment_info":0,"uagb_excerpt":"En el marco del programa \u201cOportunidades para la inclusi\u00f3n efectiva\u201d, la ministra de Trabajo, Empleo y Seguridad Social particip\u00f3 del cierre de varios cursos de capacitaci\u00f3n iniciados en el 2021 a trav\u00e9s del Sistema Nacional de Formaci\u00f3n Laboral (Sinafocal), los mismos fueron dictados en Asunci\u00f3n y en el departamento Central. La clausura se realiz\u00f3 en&hellip;","_links":{"self":[{"href":"https:\/\/www.mtess.gov.py\/index.php?rest_route=\/wp\/v2\/posts\/7100","targetHints":{"allow":["GET"]}}],"collection":[{"href":"https:\/\/www.mtess.gov.py\/index.php?rest_route=\/wp\/v2\/posts"}],"about":[{"href":"https:\/\/www.mtess.gov.py\/index.php?rest_route=\/wp\/v2\/types\/post"}],"author":[{"embeddable":true,"href":"https:\/\/www.mtess.gov.py\/index.php?rest_route=\/wp\/v2\/users\/7"}],"replies":[{"embeddable":true,"href":"https:\/\/www.mtess.gov.py\/index.php?rest_route=%2Fwp%2Fv2%2Fcomments&post=7100"}],"version-history":[{"count":0,"href":"https:\/\/www.mtess.gov.py\/index.php?rest_route=\/wp\/v2\/posts\/7100\/revisions"}],"wp:featuredmedia":[{"embeddable":true,"href":"https:\/\/www.mtess.gov.py\/index.php?rest_route=\/wp\/v2\/media\/27816"}],"wp:attachment":[{"href":"https:\/\/www.mtess.gov.py\/index.php?rest_route=%2Fwp%2Fv2%2Fmedia&parent=7100"}],"wp:term":[{"taxonomy":"category","embeddable":true,"href":"https:\/\/www.mtess.gov.py\/index.php?rest_route=%2Fwp%2Fv2%2Fcategories&post=7100"},{"taxonomy":"post_tag","embeddable":true,"href":"https:\/\/www.mtess.gov.py\/index.php?rest_route=%2Fwp%2Fv2%2Ftags&post=7100"}],"curies":[{"name":"wp","href":"https:\/\/api.w.org\/{rel}","templated":true}]}}