{"id":7101,"date":"2022-10-05T15:03:00","date_gmt":"2022-10-05T19:03:00","guid":{"rendered":"https:\/\/bi.mtess.gov.py\/v1\/?p=7101"},"modified":"2022-10-05T15:03:00","modified_gmt":"2022-10-05T19:03:00","slug":"la-educacion-tecnica-es-el-camino-para-el-empleo-de-los-jovenes-manifesto-la-ministra-de-trabajo","status":"publish","type":"post","link":"https:\/\/www.mtess.gov.py\/?p=7101","title":{"rendered":"\u201cLa educaci\u00f3n t\u00e9cnica es el camino para el empleo de los j\u00f3venes\u201d, manifest\u00f3 la ministra de Trabajo"},"content":{"rendered":"<p style=\"text-align: justify\"><span style=\"font-size: 16px\">Durante el seminario, que se<br \/>\nrealiza en el aula magna de la Facultad Polit\u00e9cnica de la<br \/>\nUniversidad Nacional de Asunci\u00f3n (UNA), en San Lorenzo, y que se<br \/>\nextender\u00e1 hasta ma\u00f1ana, la ministra de Trabajo de nuestro pa\u00eds,<br \/>\nremarc\u00f3 que la formaci\u00f3n t\u00e9cnica es el camino para que los j\u00f3venes<br \/>\npuedan conseguir trabajo.<\/span><\/p>\n<p style=\"text-align: justify\"><span style=\"font-size: 16px\">Bacigalupo<br \/>\nmanifest\u00f3 que es muy importante que los j\u00f3venes sean instruidos ya<br \/>\ndesde el bachillerato en determinadas \u00e1reas t\u00e9cnicas, de manera que<br \/>\ncuando terminen su educaci\u00f3n media se inserten al mercado laboral.<br \/>\nMencion\u00f3 que en otros pa\u00edses como Alemania y Suiza desde hace a\u00f1os<br \/>\nse viene implementando este sistema por lo que tienen un alto<br \/>\nporcentaje de empleo.<\/span><\/p>\n<p style=\"text-align: justify\"><span style=\"font-size: 16px\">La<br \/>\nministra de Trabajo se\u00f1al\u00f3 que al potenciar los oficios t\u00e9cnicos<br \/>\naumentar\u00e1n los \u00edndices de empleo y de productividad. \u201cEstamos<br \/>\nteniendo una de las tasas de desempleo m\u00e1s baja de la regi\u00f3n, 6.7%,<br \/>\ncon 249.000 personas desocupadas, la mayor\u00eda es universitaria, es la<br \/>\nrealidad, y tenemos muy pocos t\u00e9cnicos cualificados que hoy est\u00e9n<br \/>\nbuscando trabajo en Paraguay\u201d, sostuvo Bacigalupo.<\/span><\/p>\n<p style=\"text-align: justify\"><span style=\"font-size: 16px\">El<br \/>\nseminario, del que participan expertos nacionales y del exterior,<br \/>\ntiene el objetivo de propiciar un espacio para compartir los avances<br \/>\nen la pol\u00edtica p\u00fablica de la Educaci\u00f3n y Formaci\u00f3n T\u00e9cnica<br \/>\nProfesional (EFTP) del Paraguay, en el marco de las labores de<br \/>\ninstalaci\u00f3n del Sistema Nacional de Cualificaciones Profesionales<br \/>\n(SNCP) en el pa\u00eds.<br \/>\n<\/span><\/p>\n<p style=\"text-align: justify\"><span style=\"font-size: 16px\">Apunta<br \/>\na identificar el rol de las instituciones de formaci\u00f3n t\u00e9cnica y<br \/>\nprofesional y compartir experiencias y buenas pr\u00e1cticas regionales<br \/>\nen la formulaci\u00f3n e implementaci\u00f3n de pol\u00edticas afines, analizando<br \/>\nretos y enfatizando el necesario compromiso del sector empresarial<br \/>\nante cualquier transformaci\u00f3n de la EFTP. Asimismo, se podr\u00e1<br \/>\nidentificar el potencial de la EFTP en la mejora de las trayectorias<br \/>\neducativas y laborales, como tambi\u00e9n, reconocer el necesario<br \/>\ncompromiso del sector empresarial ante cualquier transformaci\u00f3n de<br \/>\nla misma.<\/span><\/p>\n<p style=\"text-align: justify\"><strong><span style=\"font-size: 16px\">ALIANZA<br \/>\nENTRE EL MTESS Y EL MEC<\/span><\/strong><\/p>\n<p style=\"text-align: justify\"><span style=\"font-size: 16px\">Durante<br \/>\nel seminario el Ministerio de Trabajo, Empleo y Seguridad Social<br \/>\n(MTESS) y el Ministerio de Educaci\u00f3n y Ciencias (MEC), firmaron un<br \/>\nconvenio de cooperaci\u00f3n interinstitucional, para realizar<br \/>\nactividades conjuntas. El documento firmaron la ministra de Trabajo,<br \/>\nCarla Bacigalupo y el ministro de Educaci\u00f3n, Nicol\u00e1s Z\u00e1rate Rojas.<br \/>\nEl convenio tiene como objetivo la cooperaci\u00f3n mutua para la<br \/>\noptimizaci\u00f3n de los recursos de infraestructuras y talleres de los<br \/>\nque disponen ambas instituciones a fin de fortalecer la educaci\u00f3n<br \/>\nt\u00e9cnica y formaci\u00f3n laboral a nivel nacional.<\/span><\/p>\n<p style=\"text-align: justify\"><\/p>\n","protected":false},"excerpt":{"rendered":"<p>La ministra, Carla Bacigalupo, particip\u00f3 en la ma\u00f1ana de hoy de la apertura del seminario internacional \u201cRetos y avances en la pol\u00edtica de EFTP y el Sistema de Cualificaciones en Paraguay\u201d, que se realiza en el marco del proyecto \u201cImpulsando la educaci\u00f3n\u201d, ejecutado por la Organizaci\u00f3n de Estados Iberoamericanos para la Educaci\u00f3n, la Ciencia y la Cultura (OEI), conjuntamente con el Ministerio de Trabajo, Empleo y Seguridad Social (MTESS), el Ministerio de Educaci\u00f3n y Ciencias (MEC), con el apoyo de la Uni\u00f3n Europea (UE) en Paraguay.<\/p>\n","protected":false},"author":7,"featured_media":27817,"comment_status":"open","ping_status":"open","sticky":false,"template":"","format":"standard","meta":{"_acf_changed":false,"_uag_custom_page_level_css":"","footnotes":""},"categories":[1],"tags":[],"class_list":["post-7101","post","type-post","status-publish","format-standard","has-post-thumbnail","hentry","category-sin-categoria"],"acf":[],"uagb_featured_image_src":{"full":["https:\/\/www.mtess.gov.py\/wp-content\/uploads\/2022\/10\/1-23.jpg",1600,900,false],"thumbnail":["https:\/\/www.mtess.gov.py\/wp-content\/uploads\/2022\/10\/1-23-150x150.jpg",150,150,true],"medium":["https:\/\/www.mtess.gov.py\/wp-content\/uploads\/2022\/10\/1-23-300x169.jpg",300,169,true],"medium_large":["https:\/\/www.mtess.gov.py\/wp-content\/uploads\/2022\/10\/1-23-768x432.jpg",768,432,true],"large":["https:\/\/www.mtess.gov.py\/wp-content\/uploads\/2022\/10\/1-23-300x169.jpg",300,169,true],"1536x1536":["https:\/\/www.mtess.gov.py\/wp-content\/uploads\/2022\/10\/1-23-1536x864.jpg",1536,864,true],"2048x2048":["https:\/\/www.mtess.gov.py\/wp-content\/uploads\/2022\/10\/1-23.jpg",1600,900,false],"depicter-thumbnail":["https:\/\/www.mtess.gov.py\/wp-content\/uploads\/2022\/10\/1-23.jpg",200,113,false]},"uagb_author_info":{"display_name":"Lucas Santacruz","author_link":"https:\/\/www.mtess.gov.py\/?author=7"},"uagb_comment_info":0,"uagb_excerpt":"La ministra, Carla Bacigalupo, particip\u00f3 en la ma\u00f1ana de hoy de la apertura del seminario internacional \u201cRetos y avances en la pol\u00edtica de EFTP y el Sistema de Cualificaciones en Paraguay\u201d, que se realiza en el marco del proyecto \u201cImpulsando la educaci\u00f3n\u201d, ejecutado por la Organizaci\u00f3n de Estados Iberoamericanos para la Educaci\u00f3n, la Ciencia y&hellip;","_links":{"self":[{"href":"https:\/\/www.mtess.gov.py\/index.php?rest_route=\/wp\/v2\/posts\/7101","targetHints":{"allow":["GET"]}}],"collection":[{"href":"https:\/\/www.mtess.gov.py\/index.php?rest_route=\/wp\/v2\/posts"}],"about":[{"href":"https:\/\/www.mtess.gov.py\/index.php?rest_route=\/wp\/v2\/types\/post"}],"author":[{"embeddable":true,"href":"https:\/\/www.mtess.gov.py\/index.php?rest_route=\/wp\/v2\/users\/7"}],"replies":[{"embeddable":true,"href":"https:\/\/www.mtess.gov.py\/index.php?rest_route=%2Fwp%2Fv2%2Fcomments&post=7101"}],"version-history":[{"count":0,"href":"https:\/\/www.mtess.gov.py\/index.php?rest_route=\/wp\/v2\/posts\/7101\/revisions"}],"wp:featuredmedia":[{"embeddable":true,"href":"https:\/\/www.mtess.gov.py\/index.php?rest_route=\/wp\/v2\/media\/27817"}],"wp:attachment":[{"href":"https:\/\/www.mtess.gov.py\/index.php?rest_route=%2Fwp%2Fv2%2Fmedia&parent=7101"}],"wp:term":[{"taxonomy":"category","embeddable":true,"href":"https:\/\/www.mtess.gov.py\/index.php?rest_route=%2Fwp%2Fv2%2Fcategories&post=7101"},{"taxonomy":"post_tag","embeddable":true,"href":"https:\/\/www.mtess.gov.py\/index.php?rest_route=%2Fwp%2Fv2%2Ftags&post=7101"}],"curies":[{"name":"wp","href":"https:\/\/api.w.org\/{rel}","templated":true}]}}