{"id":7115,"date":"2022-09-19T20:42:00","date_gmt":"2022-09-20T00:42:00","guid":{"rendered":"https:\/\/bi.mtess.gov.py\/v1\/?p=7115"},"modified":"2022-09-19T20:42:00","modified_gmt":"2022-09-20T00:42:00","slug":"ministerio-de-trabajo-lanzo-otros-dos-cursos-en-el-centro-comunitario-de-la-chacarita","status":"publish","type":"post","link":"https:\/\/www.mtess.gov.py\/?p=7115","title":{"rendered":"Ministerio de Trabajo lanz\u00f3 otros dos cursos en el Centro Comunitario de la Chacarita"},"content":{"rendered":"<p style=\"text-align: justify\"><span style=\"font-size: 16px\">El objetivo de este proyecto<br \/>\n\u201cCrece\u201d, es promover nuevos empleos y mejorar la calidad de vida<br \/>\na trav\u00e9s de la capacitaci\u00f3n continua de los pobladores,<br \/>\nconsiderados m\u00e1s vulnerables. Hasta la fecha 460 personas, sobre<br \/>\ntodo mujeres, fueron beneficiadas con los diferentes cursos de<br \/>\ndiversas especialidades de r\u00e1pida salida laboral y asesor\u00eda en<br \/>\nemprendedurismo en la Chacarita.<\/span><\/p>\n<p style=\"text-align: justify\"><span style=\"font-size: 16px\">Entre<br \/>\nlos cursos ya realizados figuran Manejo de m\u00e1quinas industriales,<br \/>\nMolder\u00eda, Confecci\u00f3n de prendas de vestir y Costura industrial con<br \/>\n\u00e9nfasis en blanquer\u00eda, este \u00faltimo en desarrollo. En la tarde hoy<br \/>\nse iniciaron dos cursos, en modalidad presencial y son Auxiliar de<br \/>\nseguridad y salud ocupacional con 16 inscriptos y Artesano entelador<br \/>\ndecorativo con 37 alumnos.<\/span><\/p>\n<p style=\"text-align: justify\"><strong><span style=\"font-size: 16px\">DESFILE<\/span><\/strong><\/p>\n<p style=\"text-align: justify\"><span style=\"font-size: 16px\">Este<br \/>\ns\u00e1bado 24 de setiembre, a las 19:00, se realizar\u00e1 un desfile de<br \/>\nmodas con modelos de la agencia Ricardo Gim\u00e9nez, seg\u00fan informaron.<br \/>\nPara el efecto, algunas de las costureras que fueron capacitadas por<br \/>\nel Servicio Nacional de Promoci\u00f3n Profesional (SNPP), est\u00e1n<br \/>\nconfeccionando los atuendos que formar\u00e1n parte de la colecci\u00f3n que<br \/>\nexhibir\u00e1n las modelos.<\/span><\/p>\n<p style=\"text-align: justify\"><span style=\"font-size: 16px\">El<br \/>\nproyecto \u201cCrece\u201d tiene un plazo de 3 a\u00f1os de ejecuci\u00f3n y es<br \/>\nimplementado en tres zonas de Asunci\u00f3n, adem\u00e1s de la Chacarita<br \/>\n(barrio Ricardo Brugada), el Ministerio de Trabajo lo lleva adelante<br \/>\nen el barrio San Francisco y en Ba\u00f1ado Sur. Contempla capacitaci\u00f3n<br \/>\nen diferentes \u00e1reas, adem\u00e1s de asesoramiento para la concreci\u00f3n de<br \/>\nnegocios y generaci\u00f3n de oportunidades de inserci\u00f3n en el mercado<br \/>\nlaboral de los egresados. Entre los cursos que son desarrollados<br \/>\ntambi\u00e9n figuran alba\u00f1iler\u00eda, electricidad, computaci\u00f3n, manejo de<br \/>\nm\u00e1quinas pesadas a trav\u00e9s simuladores, soldadura, fontaner\u00eda,<br \/>\ngastronom\u00eda y varios otros.<br \/>\n<\/span><\/p>\n<p style=\"text-align: justify\"><span style=\"font-size: 16px\">Los<br \/>\ncursos son impartidos por los entes de capacitaci\u00f3n del MTESS, el<br \/>\nServicio Nacional de Promoci\u00f3n Profesional (SNPP), el Sistema<br \/>\nNacional de Formaci\u00f3n y Capacitaci\u00f3n Laboral (Sinafocal) y el<br \/>\nCentro de Entrenamiento del Emprendedor (CEE), este \u00faltimo ente<br \/>\ndesarrolla cursos de Branding, Imagen comercial y puesta en valor,<br \/>\nElaboraci\u00f3n de logos, Costo de producci\u00f3n,  Finanzas personales,<br \/>\nentre otros. Desde que se implement\u00f3 el proyecto \u201cCrece\u201d, ya son<br \/>\nm\u00e1s de 1.200 las personas beneficiadas con la capacitaci\u00f3n.<\/span><\/p>\n","protected":false},"excerpt":{"rendered":"<p>La ministra de Trabajo, Carla Bacigalupo, en la tarde de este lunes visit\u00f3 el Centro Comunitario de la Chacarita, barrio Ricardo Brugada de Asunci\u00f3n, donde lanz\u00f3 otros dos nuevos cursos en el marco del proyecto denominado \u201cChacarita Crece\u201d. Tras la capacitaci\u00f3n varias personas han logrado concretar sus emprendimientos en el \u00e1rea de confecci\u00f3n de prendas y tienen mercado asegurado para sus productos.<\/p>\n","protected":false},"author":7,"featured_media":27186,"comment_status":"open","ping_status":"open","sticky":false,"template":"","format":"standard","meta":{"_acf_changed":false,"_uag_custom_page_level_css":"","footnotes":""},"categories":[1],"tags":[],"class_list":["post-7115","post","type-post","status-publish","format-standard","has-post-thumbnail","hentry","category-sin-categoria"],"acf":[],"uagb_featured_image_src":{"full":["https:\/\/www.mtess.gov.py\/wp-content\/uploads\/2022\/09\/2_Ministra_en_el_Centro_Comunitario_de_la_Chacarita_19-09-22-6.jpg",1200,800,false],"thumbnail":["https:\/\/www.mtess.gov.py\/wp-content\/uploads\/2022\/09\/2_Ministra_en_el_Centro_Comunitario_de_la_Chacarita_19-09-22-6-150x150.jpg",150,150,true],"medium":["https:\/\/www.mtess.gov.py\/wp-content\/uploads\/2022\/09\/2_Ministra_en_el_Centro_Comunitario_de_la_Chacarita_19-09-22-6-300x200.jpg",300,200,true],"medium_large":["https:\/\/www.mtess.gov.py\/wp-content\/uploads\/2022\/09\/2_Ministra_en_el_Centro_Comunitario_de_la_Chacarita_19-09-22-6-768x512.jpg",768,512,true],"large":["https:\/\/www.mtess.gov.py\/wp-content\/uploads\/2022\/09\/2_Ministra_en_el_Centro_Comunitario_de_la_Chacarita_19-09-22-6-300x200.jpg",300,200,true],"1536x1536":["https:\/\/www.mtess.gov.py\/wp-content\/uploads\/2022\/09\/2_Ministra_en_el_Centro_Comunitario_de_la_Chacarita_19-09-22-6.jpg",1200,800,false],"2048x2048":["https:\/\/www.mtess.gov.py\/wp-content\/uploads\/2022\/09\/2_Ministra_en_el_Centro_Comunitario_de_la_Chacarita_19-09-22-6.jpg",1200,800,false],"depicter-thumbnail":["https:\/\/www.mtess.gov.py\/wp-content\/uploads\/2022\/09\/2_Ministra_en_el_Centro_Comunitario_de_la_Chacarita_19-09-22-6.jpg",200,133,false]},"uagb_author_info":{"display_name":"Lucas Santacruz","author_link":"https:\/\/www.mtess.gov.py\/?author=7"},"uagb_comment_info":0,"uagb_excerpt":"La ministra de Trabajo, Carla Bacigalupo, en la tarde de este lunes visit\u00f3 el Centro Comunitario de la Chacarita, barrio Ricardo Brugada de Asunci\u00f3n, donde lanz\u00f3 otros dos nuevos cursos en el marco del proyecto denominado \u201cChacarita Crece\u201d. Tras la capacitaci\u00f3n varias personas han logrado concretar sus emprendimientos en el \u00e1rea de confecci\u00f3n de prendas&hellip;","_links":{"self":[{"href":"https:\/\/www.mtess.gov.py\/index.php?rest_route=\/wp\/v2\/posts\/7115","targetHints":{"allow":["GET"]}}],"collection":[{"href":"https:\/\/www.mtess.gov.py\/index.php?rest_route=\/wp\/v2\/posts"}],"about":[{"href":"https:\/\/www.mtess.gov.py\/index.php?rest_route=\/wp\/v2\/types\/post"}],"author":[{"embeddable":true,"href":"https:\/\/www.mtess.gov.py\/index.php?rest_route=\/wp\/v2\/users\/7"}],"replies":[{"embeddable":true,"href":"https:\/\/www.mtess.gov.py\/index.php?rest_route=%2Fwp%2Fv2%2Fcomments&post=7115"}],"version-history":[{"count":0,"href":"https:\/\/www.mtess.gov.py\/index.php?rest_route=\/wp\/v2\/posts\/7115\/revisions"}],"wp:featuredmedia":[{"embeddable":true,"href":"https:\/\/www.mtess.gov.py\/index.php?rest_route=\/wp\/v2\/media\/27186"}],"wp:attachment":[{"href":"https:\/\/www.mtess.gov.py\/index.php?rest_route=%2Fwp%2Fv2%2Fmedia&parent=7115"}],"wp:term":[{"taxonomy":"category","embeddable":true,"href":"https:\/\/www.mtess.gov.py\/index.php?rest_route=%2Fwp%2Fv2%2Fcategories&post=7115"},{"taxonomy":"post_tag","embeddable":true,"href":"https:\/\/www.mtess.gov.py\/index.php?rest_route=%2Fwp%2Fv2%2Ftags&post=7115"}],"curies":[{"name":"wp","href":"https:\/\/api.w.org\/{rel}","templated":true}]}}