{"id":7116,"date":"2022-09-17T12:24:00","date_gmt":"2022-09-17T16:24:00","guid":{"rendered":"https:\/\/bi.mtess.gov.py\/v1\/?p=7116"},"modified":"2022-09-17T12:24:00","modified_gmt":"2022-09-17T16:24:00","slug":"ministerio-de-trabajo-inicia-este-lunes-la-semana-del-empleo-y-emprendedurismo-joven","status":"publish","type":"post","link":"https:\/\/www.mtess.gov.py\/?p=7116","title":{"rendered":"Ministerio de Trabajo inicia este lunes la \u201cSemana del Empleo y Emprendedurismo Joven\u201d"},"content":{"rendered":"<p>La \u201cSemana del Empleo y Emprendedurismo Joven es un espacio que busca fomentar la empleabilidad, el emprendedurismo y crear oportunidades laborales, orientadas a la identificaci\u00f3n de los nuevos desaf\u00edos que plantea el futuro del trabajo para los j\u00f3venes. Asimismo busca garantizar la inserci\u00f3n laboral de manera efectiva a un mundo laboral cada vez m\u00e1s cambiante y din\u00e1mico, sobre todo, debido a la pandemia por covid-19  La \u201cSemana del Empleo y Emprendurismo Joven\u201d es una iniciativa construida y pensada para los j\u00f3venes en el mes que se celebra el D\u00eda de la Juventud, el pr\u00f3ximo 21 de setiembre, fecha que se inicia la estaci\u00f3n de primavera en Paraguay. En esta semana los j\u00f3venes tendr\u00e1n oportunidades laborales en la feria de vacancias, podr\u00e1n informarse de los cursos de oficios t\u00e9cnicos que brinda la cartera de Estado a trav\u00e9s del SNPP, de las capacitaciones de emprenderudismo a las que tienen acceso en el Centro de Entrenamiento del Emprendedor, entre varios otros servicios que brinda el Ministerio de Trabajo.<\/p>\n","protected":false},"excerpt":{"rendered":"<p>El Ministerio de Trabajo, Empleo y Seguridad Social (MTESS) realizar\u00e1 desde el pr\u00f3ximo lunes 19 de setiembre la \u201cSemana del Empleo y Emprendedurismo Joven\u201d, que se extender\u00e1 hasta el viernes 23, y durante la misma se prev\u00e9 varias actividades entre las que figuran una feria de empleo, lanzamiento de concurso de fotograf\u00eda, feria de oficios t\u00e9cnicos y emprendedurismo, lanzamiento de carreras t\u00e9cnicas, entre otros. Las actividades se realizar\u00e1n en las sedes del Servicio Nacional de Promoci\u00f3n Profesional (SNPP), el Centro de Entrenamiento del Emprendedor (CEE) y el Viceministerio de Empleo y Seguridad Social. El primer d\u00eda de las actividades iniciar\u00e1n a las 10 horas en el local del CEE, situado en la ciudad de San Lorenzo.<\/p>\n","protected":false},"author":7,"featured_media":27187,"comment_status":"open","ping_status":"open","sticky":false,"template":"","format":"standard","meta":{"_acf_changed":false,"_uag_custom_page_level_css":"","footnotes":""},"categories":[1],"tags":[],"class_list":["post-7116","post","type-post","status-publish","format-standard","has-post-thumbnail","hentry","category-sin-categoria"],"acf":[],"uagb_featured_image_src":{"full":["https:\/\/www.mtess.gov.py\/wp-content\/uploads\/2022\/09\/WhatsApp_Image_2022-09-17_at_11.52.40_AM-6.jpeg",1280,1028,false],"thumbnail":["https:\/\/www.mtess.gov.py\/wp-content\/uploads\/2022\/09\/WhatsApp_Image_2022-09-17_at_11.52.40_AM-6-150x150.jpeg",150,150,true],"medium":["https:\/\/www.mtess.gov.py\/wp-content\/uploads\/2022\/09\/WhatsApp_Image_2022-09-17_at_11.52.40_AM-6-300x241.jpeg",300,241,true],"medium_large":["https:\/\/www.mtess.gov.py\/wp-content\/uploads\/2022\/09\/WhatsApp_Image_2022-09-17_at_11.52.40_AM-6-768x617.jpeg",768,617,true],"large":["https:\/\/www.mtess.gov.py\/wp-content\/uploads\/2022\/09\/WhatsApp_Image_2022-09-17_at_11.52.40_AM-6-300x241.jpeg",300,241,true],"1536x1536":["https:\/\/www.mtess.gov.py\/wp-content\/uploads\/2022\/09\/WhatsApp_Image_2022-09-17_at_11.52.40_AM-6.jpeg",1280,1028,false],"2048x2048":["https:\/\/www.mtess.gov.py\/wp-content\/uploads\/2022\/09\/WhatsApp_Image_2022-09-17_at_11.52.40_AM-6.jpeg",1280,1028,false],"depicter-thumbnail":["https:\/\/www.mtess.gov.py\/wp-content\/uploads\/2022\/09\/WhatsApp_Image_2022-09-17_at_11.52.40_AM-6.jpeg",200,161,false]},"uagb_author_info":{"display_name":"Lucas Santacruz","author_link":"https:\/\/www.mtess.gov.py\/?author=7"},"uagb_comment_info":0,"uagb_excerpt":"El Ministerio de Trabajo, Empleo y Seguridad Social (MTESS) realizar\u00e1 desde el pr\u00f3ximo lunes 19 de setiembre la \u201cSemana del Empleo y Emprendedurismo Joven\u201d, que se extender\u00e1 hasta el viernes 23, y durante la misma se prev\u00e9 varias actividades entre las que figuran una feria de empleo, lanzamiento de concurso de fotograf\u00eda, feria de oficios&hellip;","_links":{"self":[{"href":"https:\/\/www.mtess.gov.py\/index.php?rest_route=\/wp\/v2\/posts\/7116","targetHints":{"allow":["GET"]}}],"collection":[{"href":"https:\/\/www.mtess.gov.py\/index.php?rest_route=\/wp\/v2\/posts"}],"about":[{"href":"https:\/\/www.mtess.gov.py\/index.php?rest_route=\/wp\/v2\/types\/post"}],"author":[{"embeddable":true,"href":"https:\/\/www.mtess.gov.py\/index.php?rest_route=\/wp\/v2\/users\/7"}],"replies":[{"embeddable":true,"href":"https:\/\/www.mtess.gov.py\/index.php?rest_route=%2Fwp%2Fv2%2Fcomments&post=7116"}],"version-history":[{"count":0,"href":"https:\/\/www.mtess.gov.py\/index.php?rest_route=\/wp\/v2\/posts\/7116\/revisions"}],"wp:featuredmedia":[{"embeddable":true,"href":"https:\/\/www.mtess.gov.py\/index.php?rest_route=\/wp\/v2\/media\/27187"}],"wp:attachment":[{"href":"https:\/\/www.mtess.gov.py\/index.php?rest_route=%2Fwp%2Fv2%2Fmedia&parent=7116"}],"wp:term":[{"taxonomy":"category","embeddable":true,"href":"https:\/\/www.mtess.gov.py\/index.php?rest_route=%2Fwp%2Fv2%2Fcategories&post=7116"},{"taxonomy":"post_tag","embeddable":true,"href":"https:\/\/www.mtess.gov.py\/index.php?rest_route=%2Fwp%2Fv2%2Ftags&post=7116"}],"curies":[{"name":"wp","href":"https:\/\/api.w.org\/{rel}","templated":true}]}}