{"id":7117,"date":"2022-09-16T16:05:00","date_gmt":"2022-09-16T20:05:00","guid":{"rendered":"https:\/\/bi.mtess.gov.py\/v1\/?p=7117"},"modified":"2022-09-16T16:05:00","modified_gmt":"2022-09-16T20:05:00","slug":"ministerio-de-trabajo-realizo-feria-de-empleo-con-693-vacancias-laborales-en-ciudad-del-este","status":"publish","type":"post","link":"https:\/\/www.mtess.gov.py\/?p=7117","title":{"rendered":"Ministerio de Trabajo realiz\u00f3 feria de empleo con 693 vacancias laborales en Ciudad del Este"},"content":{"rendered":"<p style=\"text-align: justify\"><span style=\"font-size: 16px\">Adem\u00e1s<br \/>\nde las<br \/>\nvacancias<br \/>\nlaborales para call center, tambi\u00e9n<br \/>\npidieron trabajadores para<br \/>\natenci\u00f3n al<br \/>\ncliente;<br \/>\nasimismo asesores comerciales externos, cajeros, panaderos,<br \/>\ncarniceros, cocineros, guardias de seguridad, para verduler\u00eda,<br \/>\nfiambrer\u00eda, para<br \/>\ntaller de chaper\u00eda y pintura, auxiliar<br \/>\nde prevenci\u00f3n, atenci\u00f3n en balanza, mozos,<br \/>\nencargado de compras, gerente regional de cobranzas, ingeniero<br \/>\njunior, auxiliar administrativo, gerente de tienda, supervisor de<br \/>\nventas, entre otros rubros.<\/span><\/p>\n<p style=\"text-align: justify\"><span style=\"font-size: 16px\">En<br \/>\nla feria de hoy los interesados en los puestos laborales fueron<br \/>\natendidos por los funcionarios de la Direcci\u00f3n General de Empleo de<br \/>\nla cartera de Estado y fueron entrevistados por los representantes de<br \/>\nlas empresas que precisan contratar mano de obra calificada. Tambi\u00e9n<br \/>\npueden postularse a trav\u00e9s de la p\u00e1gina web de la instituci\u00f3n<br \/>\ndonde deben<br \/>\nregistrarse en la bolsa de empleo<br \/>\n<a href=\"https:\/\/mtess.gov.py\/busca-empleo\/spe-formulario-de-registro-en-la-bolsa-de-empleo\">https:\/\/mtess.gov.py\/busca-empleo\/spe-formulario-de-registro-en-la-bolsa-de-empleo<\/a><br \/>\ny posteriormente acceder a las vacancias disponibles en esta semana y<br \/>\notras que a\u00fan no fueron llenadas en el siguiente enlace:<br \/>\n<a href=\"https:\/\/mtess.gov.py\/busca-empleo\/vidriera-de-empleo\">https:\/\/mtess.gov.py\/busca-empleo\/vidriera-de-empleo<\/a>.<\/p>\n<p><\/span><\/p>\n<p style=\"text-align: justify\"><span style=\"font-size: 16px\">En<br \/>\nla feria presencial de hoy se presentaron para postularse a los<br \/>\ndiferentes puestos laborales 848 personas; mientras que en la<br \/>\nplataforma digital se registraron 1.358 buscadores de empleo. Para<br \/>\nemplearse en la<br \/>\nempresa de call center,<br \/>\nlos interesados<br \/>\ndeben tener concluido el bachiller, 18 a\u00f1os cumplido, manejo oral y<br \/>\nescrito del idioma portugu\u00e9s, manejo de inform\u00e1tica, y residir en<br \/>\nla zona del departamento del Alto Paran\u00e1.<br \/>\n<\/span><\/p>\n<p style=\"text-align: justify\"><span style=\"font-size: 16px\"><strong>ESCUELA<br \/>\nDE FORMACI\u00d3<\/strong><strong>N<\/strong><\/span><\/p>\n<p style=\"text-align: justify\"><span style=\"font-size: 16px\">La<br \/>\nministra de Trabajo, Carla Bacigalupo, habilit\u00f3 el mes pasado una<br \/>\nescuela de formaci\u00f3n en el shopping del Este, donde se imparten<br \/>\ncursos de oratoria, marketing, idioma portugu\u00e9s, inform\u00e1tica (word<br \/>\ny excel), que brindar\u00e1n a los j\u00f3venes herramientas para conseguir<br \/>\ntrabajo formal en la capital del departamento Alto Paran\u00e1.<\/span><\/p>\n<p style=\"text-align: justify\"><span style=\"font-size: 16px\">El<br \/>\nMinisterio de Trabajo cuenta con varias sedes del SNPP en esta zona<br \/>\ndel pa\u00eds. En la de ciudad Hernandarias se imparten carreras de<br \/>\ntecnicartura superior, entre ellas de mec\u00e1nica automotriz,<br \/>\nmecatr\u00f3nica y electricidad industrial, que duran dos a\u00f1os, adem\u00e1s<br \/>\nde cursos de corta duraci\u00f3n en diversas especialidades. <\/span><\/p>\n<p style=\"text-align: justify\"><span style=\"font-size: 16px\">Tambi\u00e9n<br \/>\ncuenta con tecnicatura superior en la sede del SNPP de la ciudad de<br \/>\nSanta Rita, que posee buenos equipos para para las clases pr\u00e1cticas<br \/>\nde los alumnos. Otros centros de formaci\u00f3n se encuentran en<br \/>\nRemansito y en zona Franca Global, en Ciudad del Este, con varios<br \/>\ncursos disponibles, que se imparten conforme a la demanda de personal<br \/>\ncalificado del mercado laboral.  <\/span><\/p>\n","protected":false},"excerpt":{"rendered":"<p>El Ministerio de Trabajo, Empleo y Seguridad Social (MTESS) realiz\u00f3 en la ma\u00f1ana de hoy una feria de empleo presencial en Plaza City de Ciudad del Este, para llenar vacancias de 693 puestos laborales en la capital del Alto Paran\u00e1, entre ellos 500 lugares en una empresa de call center, m\u00e1s otros 193 puestos para otras actividades.<\/p>\n","protected":false},"author":7,"featured_media":27188,"comment_status":"open","ping_status":"open","sticky":false,"template":"","format":"standard","meta":{"_acf_changed":false,"_uag_custom_page_level_css":"","footnotes":""},"categories":[1],"tags":[],"class_list":["post-7117","post","type-post","status-publish","format-standard","has-post-thumbnail","hentry","category-sin-categoria"],"acf":[],"uagb_featured_image_src":{"full":["https:\/\/www.mtess.gov.py\/wp-content\/uploads\/2022\/09\/1_Feria_de_empleo_en_Ciudad_del_Este_16-09-22-2.jpg",1599,899,false],"thumbnail":["https:\/\/www.mtess.gov.py\/wp-content\/uploads\/2022\/09\/1_Feria_de_empleo_en_Ciudad_del_Este_16-09-22-2-150x150.jpg",150,150,true],"medium":["https:\/\/www.mtess.gov.py\/wp-content\/uploads\/2022\/09\/1_Feria_de_empleo_en_Ciudad_del_Este_16-09-22-2-300x169.jpg",300,169,true],"medium_large":["https:\/\/www.mtess.gov.py\/wp-content\/uploads\/2022\/09\/1_Feria_de_empleo_en_Ciudad_del_Este_16-09-22-2-768x432.jpg",768,432,true],"large":["https:\/\/www.mtess.gov.py\/wp-content\/uploads\/2022\/09\/1_Feria_de_empleo_en_Ciudad_del_Este_16-09-22-2-300x169.jpg",300,169,true],"1536x1536":["https:\/\/www.mtess.gov.py\/wp-content\/uploads\/2022\/09\/1_Feria_de_empleo_en_Ciudad_del_Este_16-09-22-2-1536x864.jpg",1536,864,true],"2048x2048":["https:\/\/www.mtess.gov.py\/wp-content\/uploads\/2022\/09\/1_Feria_de_empleo_en_Ciudad_del_Este_16-09-22-2.jpg",1599,899,false],"depicter-thumbnail":["https:\/\/www.mtess.gov.py\/wp-content\/uploads\/2022\/09\/1_Feria_de_empleo_en_Ciudad_del_Este_16-09-22-2.jpg",200,112,false]},"uagb_author_info":{"display_name":"Lucas Santacruz","author_link":"https:\/\/www.mtess.gov.py\/?author=7"},"uagb_comment_info":0,"uagb_excerpt":"El Ministerio de Trabajo, Empleo y Seguridad Social (MTESS) realiz\u00f3 en la ma\u00f1ana de hoy una feria de empleo presencial en Plaza City de Ciudad del Este, para llenar vacancias de 693 puestos laborales en la capital del Alto Paran\u00e1, entre ellos 500 lugares en una empresa de call center, m\u00e1s otros 193 puestos para&hellip;","_links":{"self":[{"href":"https:\/\/www.mtess.gov.py\/index.php?rest_route=\/wp\/v2\/posts\/7117","targetHints":{"allow":["GET"]}}],"collection":[{"href":"https:\/\/www.mtess.gov.py\/index.php?rest_route=\/wp\/v2\/posts"}],"about":[{"href":"https:\/\/www.mtess.gov.py\/index.php?rest_route=\/wp\/v2\/types\/post"}],"author":[{"embeddable":true,"href":"https:\/\/www.mtess.gov.py\/index.php?rest_route=\/wp\/v2\/users\/7"}],"replies":[{"embeddable":true,"href":"https:\/\/www.mtess.gov.py\/index.php?rest_route=%2Fwp%2Fv2%2Fcomments&post=7117"}],"version-history":[{"count":0,"href":"https:\/\/www.mtess.gov.py\/index.php?rest_route=\/wp\/v2\/posts\/7117\/revisions"}],"wp:featuredmedia":[{"embeddable":true,"href":"https:\/\/www.mtess.gov.py\/index.php?rest_route=\/wp\/v2\/media\/27188"}],"wp:attachment":[{"href":"https:\/\/www.mtess.gov.py\/index.php?rest_route=%2Fwp%2Fv2%2Fmedia&parent=7117"}],"wp:term":[{"taxonomy":"category","embeddable":true,"href":"https:\/\/www.mtess.gov.py\/index.php?rest_route=%2Fwp%2Fv2%2Fcategories&post=7117"},{"taxonomy":"post_tag","embeddable":true,"href":"https:\/\/www.mtess.gov.py\/index.php?rest_route=%2Fwp%2Fv2%2Ftags&post=7117"}],"curies":[{"name":"wp","href":"https:\/\/api.w.org\/{rel}","templated":true}]}}