{"id":7119,"date":"2022-09-14T17:11:00","date_gmt":"2022-09-14T21:11:00","guid":{"rendered":"https:\/\/bi.mtess.gov.py\/v1\/?p=7119"},"modified":"2022-09-14T17:11:00","modified_gmt":"2022-09-14T21:11:00","slug":"ministra-de-trabajo-destaco-como-exitoso-el-programa-de-entrenamiento-laboral-protegido-en-expo-capasu","status":"publish","type":"post","link":"https:\/\/www.mtess.gov.py\/?p=7119","title":{"rendered":"Ministra de Trabajo destac\u00f3 como exitoso el Programa de Entrenamiento Laboral Protegido en Expo Capasu"},"content":{"rendered":"<p style=\"text-align: justify\"><span style=\"font-size: 16px\">Durante<br \/>\nun conversatorio entre presidentes de gremios y autoridades en la<br \/>\nExpo Capasu (C\u00e1mara Paraguaya de Supermercados), que se inici\u00f3 hoy<br \/>\nen la sede de la<br \/>\nConmebol<br \/>\ny culminar\u00e1<br \/>\nma\u00f1ana, Bacigalupo remarc\u00f3 que mediante el Programa<br \/>\nde Entrenamiento Laboral Protegido los<br \/>\nadolescentes aprenden a tener una cultura de trabajo, cumplir con su<br \/>\nformaci\u00f3n acad\u00e9mica en los colegios, que es obligatorio en el<br \/>\nprograma, y con posibilidades de insertarse al mercado laboral<br \/>\nformal.<\/span><\/p>\n<p style=\"text-align: justify\">\n<span style=\"font-size: 16px\">La<br \/>\nministra de Trabajo se\u00f1al\u00f3 que desde el 2019 son m\u00e1s de 5.000 los<br \/>\nadolescentes egresados en este programa y que actualmente 1.300 est\u00e1n<br \/>\ncomo aprendices en los diversos supermercados. \u201cEl contenido social<br \/>\nde este programa, es<br \/>\nque nuestros j\u00f3venes<br \/>\nque generalmente son de sectores m\u00e1s<br \/>\nvulnerables, se apartan de cualquier tentaci\u00f3n de drogas, de<br \/>\ncriminalidad, y lo que hacemos es que abracen la cultura del trabajo,<br \/>\nson 4 horas por d\u00eda con la condici\u00f3n firme de que no abandonen el<br \/>\ncolegio\u201d, manifest\u00f3 la ministra, y agreg\u00f3 que muchos de ellos han<br \/>\ningresado como empleado al t\u00e9rmino de sus pr\u00e1cticas y algunos de<br \/>\nellos ahora son incluso gerentes y jefes.<\/span><\/p>\n<p style=\"text-align: justify\"><strong><span style=\"font-size: 16px\">ESCUELA<br \/>\nDE SUPERMERCADISMO<\/span><\/strong><\/p>\n<p style=\"text-align: justify\"><span style=\"font-size: 16px\">En<br \/>\nla ocasi\u00f3n la ministra de Trabajo tambi\u00e9n destac\u00f3 la<br \/>\nEscuela de Supermercadismo habilitada en noviembre del a\u00f1o pasado en<br \/>\nla sede del SNPP, con el objetivo de formar y calificar a la mano de<br \/>\nobra del sector a trav\u00e9s de innovadoras metodolog\u00edas, t\u00e9cnicas y<br \/>\nestrategias, acordes a las nuevas demandas del mercado de trabajo. En<br \/>\nesta escuela se combina la teor\u00eda con la pr\u00e1ctica profesional de la<br \/>\nmano de los mejores  instructores del Servicio Nacional de Promoci\u00f3n<br \/>\nProfesional, pertenecientes a las \u00e1reas de competencia, con el fin<br \/>\nde estrechar v\u00ednculo con el sector de supermercados para la<br \/>\ngeneraci\u00f3n de empleo.<\/span><\/p>\n<p style=\"text-align: justify\"><span style=\"font-size: 16px\">La<br \/>\napertura de la \u201cEscuela<br \/>\nde Supermercadismo\u201d, se<br \/>\nrealiz\u00f3 en alianza con la<br \/>\nC\u00e1mara Paraguaya de Supermercados (Capasu) y otras organizaciones<br \/>\ndel sector privado, en el marco de la pol\u00edtica de empleo y el plan<br \/>\nde reactivaci\u00f3n econ\u00f3mica del Gobierno. Entre<br \/>\nlos temas que se brindan en la escuela figuran<br \/>\nAsesor\u00eda y atenci\u00f3n al cliente, Cajero comercial, Gesti\u00f3n de<br \/>\nStocks, Ofim\u00e1tica, Reposici\u00f3n de productos, Supervisor de ventas,<br \/>\nVendedor profesional, Habilidades blandas e idiomas (guaran\u00ed,<br \/>\nportugu\u00e9s e ingles).<\/span><\/p>\n<p style=\"text-align: justify\"><span style=\"font-size: 16px\">El<br \/>\nMinisterio de Trabajo participa de la Expo Capasu \u201cNuevo retail\u201d,<br \/>\ncon un stand, donde informa a los visitantes sobre el Programa de<br \/>\nEntrenamiento Laboral Protegido implementado para los adolescentes,<br \/>\nas\u00ed como las posibilidades de capacitarse en la \u201cEscuela de<br \/>\nsupermercadismo\u201d que forma mano de obra calificada para este sector<br \/>\nde la actividad comercial. Asimismo, los funcionarios que est\u00e1n en<br \/>\nel stand explican de como participar del \u201cFin de semana del<br \/>\nemprendedor\u201d, una feria de venta de productos que realizan los<br \/>\nemprendedores en los locales de supermercados agremiados a Capasu.<\/span><\/p>\n<p style=\"text-align: justify\"><strong><span style=\"font-size: 16px\">VENTA<br \/>\nDE EMPRENDEDORES<\/span><\/strong><\/p>\n<p style=\"text-align: justify\"><span style=\"font-size: 16px\">Emprendedores<br \/>\ncapacitados en el Centro de Entrenamiento al Emprendedor, dependiente<br \/>\ndel Ministerio de Trabajo, Empleo y Seguridad Social (MTESS),<br \/>\nlograron comercializar sus productos por un valor total de<br \/>\n1.082.948.000 de guaran\u00edes mediante un acuerdo entre la cartera de<br \/>\nEstado y la C\u00e1mara Paraguaya de Supermercados (Capasu).<br \/>\nEl<br \/>\nconvenio con la Capasu posibilit\u00f3 espacios de comercializaci\u00f3n a<br \/>\nlos emprendedores, logrando generar una din\u00e1mica en ventas que ha<br \/>\naumentado a\u00f1o tras a\u00f1o. <\/p>\n<p>En el 2020 se realizaron 77<br \/>\nferias en diversos supermercados, logrando una comercializaci\u00f3n por<br \/>\nvalor de 188.974.000 guaran\u00edes, el a\u00f1o siguiente los emprendedores<br \/>\nexpusieron sus productos en 228 ferias, arrojando una venta total de<br \/>\nG. 263.074.500. En lo que va del 2022 se llevan realizadas 403<br \/>\nferias, generando una venta de 630.899.500 guaran\u00edes.<\/span><\/p>\n<p style=\"text-align: justify\"><span style=\"font-size: 16px\">Adem\u00e1s,<br \/>\nse han generado espacios de capacitaci\u00f3n dirigidos exclusivamente a<br \/>\nlos emprendedores feriantes, buscando que afiancen sus conocimientos<br \/>\nen imagen comercial, costos de producci\u00f3n, trabajo en equipo y<br \/>\nfinanzas personales. Con ello, se ha logrado un mejoramiento<br \/>\nsustancial en la presentaci\u00f3n de los productos, en el<br \/>\nrelacionamiento con los clientes y colegas, y una valoraci\u00f3n real y<br \/>\naproximada de la producci\u00f3n de los mismos.<\/span><\/p>\n<p style=\"text-align: justify\"><span style=\"font-size: 16px\">Durante este a\u00f1o,<br \/>\nhan participado de las ferias un total de 165 emprendedores de<br \/>\nAsunci\u00f3n, Central, Misiones, Alto Paran\u00e1, Caaguaz\u00fa, Guair\u00e1 e<br \/>\nItap\u00faa, quienes se dedican a la elaboraci\u00f3n de artesan\u00edas en<br \/>\ncuero, madera, hierro y barro, reciclaje art\u00edstico, confecci\u00f3n de<br \/>\nprendas y bijouterie, crochet, viveros, arte en pintura, poyvi y<br \/>\n\u00f1anduti.<\/span><\/p>\n","protected":false},"excerpt":{"rendered":"<p>La ministra de Trabajo, Carla Bacigalupo, destac\u00f3 como exitoso el Programa de Entrenamiento Laboral Protegido en la Expo Capasu, que lleva adelante la cartera de Estado a trav\u00e9s de su ente el Servicio Nacional de Promoci\u00f3n Profesional (SNPP), dirigido a adolescentes para realizar tareas como aprendices en los supermercados ubicados en diferentes zonas del pa\u00eds.<\/p>\n","protected":false},"author":7,"featured_media":27190,"comment_status":"open","ping_status":"open","sticky":false,"template":"","format":"standard","meta":{"_acf_changed":false,"_uag_custom_page_level_css":"","footnotes":""},"categories":[1],"tags":[],"class_list":["post-7119","post","type-post","status-publish","format-standard","has-post-thumbnail","hentry","category-sin-categoria"],"acf":[],"uagb_featured_image_src":{"full":["https:\/\/www.mtess.gov.py\/wp-content\/uploads\/2022\/09\/1-36.jpg",1600,900,false],"thumbnail":["https:\/\/www.mtess.gov.py\/wp-content\/uploads\/2022\/09\/1-36-150x150.jpg",150,150,true],"medium":["https:\/\/www.mtess.gov.py\/wp-content\/uploads\/2022\/09\/1-36-300x169.jpg",300,169,true],"medium_large":["https:\/\/www.mtess.gov.py\/wp-content\/uploads\/2022\/09\/1-36-768x432.jpg",768,432,true],"large":["https:\/\/www.mtess.gov.py\/wp-content\/uploads\/2022\/09\/1-36-300x169.jpg",300,169,true],"1536x1536":["https:\/\/www.mtess.gov.py\/wp-content\/uploads\/2022\/09\/1-36-1536x864.jpg",1536,864,true],"2048x2048":["https:\/\/www.mtess.gov.py\/wp-content\/uploads\/2022\/09\/1-36.jpg",1600,900,false],"depicter-thumbnail":["https:\/\/www.mtess.gov.py\/wp-content\/uploads\/2022\/09\/1-36.jpg",200,113,false]},"uagb_author_info":{"display_name":"Lucas Santacruz","author_link":"https:\/\/www.mtess.gov.py\/?author=7"},"uagb_comment_info":0,"uagb_excerpt":"La ministra de Trabajo, Carla Bacigalupo, destac\u00f3 como exitoso el Programa de Entrenamiento Laboral Protegido en la Expo Capasu, que lleva adelante la cartera de Estado a trav\u00e9s de su ente el Servicio Nacional de Promoci\u00f3n Profesional (SNPP), dirigido a adolescentes para realizar tareas como aprendices en los supermercados ubicados en diferentes zonas del pa\u00eds.","_links":{"self":[{"href":"https:\/\/www.mtess.gov.py\/index.php?rest_route=\/wp\/v2\/posts\/7119","targetHints":{"allow":["GET"]}}],"collection":[{"href":"https:\/\/www.mtess.gov.py\/index.php?rest_route=\/wp\/v2\/posts"}],"about":[{"href":"https:\/\/www.mtess.gov.py\/index.php?rest_route=\/wp\/v2\/types\/post"}],"author":[{"embeddable":true,"href":"https:\/\/www.mtess.gov.py\/index.php?rest_route=\/wp\/v2\/users\/7"}],"replies":[{"embeddable":true,"href":"https:\/\/www.mtess.gov.py\/index.php?rest_route=%2Fwp%2Fv2%2Fcomments&post=7119"}],"version-history":[{"count":0,"href":"https:\/\/www.mtess.gov.py\/index.php?rest_route=\/wp\/v2\/posts\/7119\/revisions"}],"wp:featuredmedia":[{"embeddable":true,"href":"https:\/\/www.mtess.gov.py\/index.php?rest_route=\/wp\/v2\/media\/27190"}],"wp:attachment":[{"href":"https:\/\/www.mtess.gov.py\/index.php?rest_route=%2Fwp%2Fv2%2Fmedia&parent=7119"}],"wp:term":[{"taxonomy":"category","embeddable":true,"href":"https:\/\/www.mtess.gov.py\/index.php?rest_route=%2Fwp%2Fv2%2Fcategories&post=7119"},{"taxonomy":"post_tag","embeddable":true,"href":"https:\/\/www.mtess.gov.py\/index.php?rest_route=%2Fwp%2Fv2%2Ftags&post=7119"}],"curies":[{"name":"wp","href":"https:\/\/api.w.org\/{rel}","templated":true}]}}