{"id":7123,"date":"2022-09-09T16:30:00","date_gmt":"2022-09-09T20:30:00","guid":{"rendered":"https:\/\/bi.mtess.gov.py\/v1\/?p=7123"},"modified":"2022-09-09T16:30:00","modified_gmt":"2022-09-09T20:30:00","slug":"mtess-brinda-cursos-de-capacitacion-para-el-empleo-en-sede-del-snpp-de-san-juan-bautista-misiones","status":"publish","type":"post","link":"https:\/\/www.mtess.gov.py\/?p=7123","title":{"rendered":"MTESS brinda cursos de capacitaci\u00f3n para el empleo en sede del SNPP de San Juan Bautista, Misiones"},"content":{"rendered":"<p style=\"text-align: justify\"><span style=\"font-size: 16px\">La capacitaci\u00f3n de c\u00f3mo<br \/>\nelaborar ricos panificados y productos de confiter\u00eda estuvo<br \/>\na cargo de un instrucci\u00f3n<br \/>\ndel \u00e1rea de gastronom\u00eda, quien<br \/>\nexplic\u00f3<br \/>\ny mostr\u00f3<br \/>\na los participantes, mujeres y hombres,<br \/>\ntodo el proceso de<br \/>\npreparaci\u00f3n,<br \/>\nlos ingredientes que deben ser utilizados para la elaboraci\u00f3n de estos productos, as\u00ed como el tiempo de cocci\u00f3n en el horno.<\/span><\/p>\n<p style=\"text-align: justify\"><span style=\"font-size: 16px\"><br \/>\nEl Ministerio de Trabajo cuenta<br \/>\ncon cursos programados de panader\u00eda y confiter\u00eda, que imparte a<br \/>\ntrav\u00e9s de su ente, el Servicio Nacional de Promoci\u00f3n Profesional<br \/>\n(SNPP), en diferentes zonas del pa\u00eds. Tiene una duraci\u00f3n de 100<br \/>\nhoras de capacitaci\u00f3n y durante este periodo los alumnos aprenden la<br \/>\nelaboraci\u00f3n de variados productos panificados. En<br \/>\nesta ocasi\u00f3n, se realiz\u00f3<br \/>\nuna clase muy pr\u00e1ctica para que<br \/>\npuedan aprender en poco tiempo la elaboraci\u00f3n de panificados.<\/span><\/p>\n<p style=\"text-align: justify\"><span style=\"font-size: 16px\"><br \/>\nEl Ministerio de Trabajo cuenta<br \/>\ncon tres sedes del SNPP en el departamento de Misiones, en las<br \/>\nciudades de Ayolas, San Ignacio y San Juan Bautista. A trav\u00e9s de<br \/>\nestas regionales fueron capacitadas desde el 2018 cerca de 17.000<br \/>\npersonas, de las cuales 10.000 son mujeres. La ministra de Bacigalupo<br \/>\nmantuvo un ameno encuentro con los pobladores que asistieron a la<br \/>\njornada de capacitaci\u00f3n y les inst\u00f3 a capacitarse en los oficios<br \/>\nt\u00e9cnicos para generar r\u00e1pidamente ingresos econ\u00f3micos.<\/span><\/p>\n","protected":false},"excerpt":{"rendered":"<p>Ministerio de Trabajo, Empleo y Seguridad Social (MTESS), realiz\u00f3 hoy una serie de actividades en la sede del Servicio Nacional de Promoci\u00f3n Profesional de la ciudad de San Juan Bautista, departamento de Misiones, donde la instituci\u00f3n dependiente de la cartera de Estado desarrolla diversos cursos de r\u00e1pida salida laboral para los habitantes. La ministra Carla Bacigalupo dialog\u00f3 con los presentes que participaron de una clase de elaboraci\u00f3n de panificados y productos de confiter\u00eda, a quienes les inst\u00f3 a formarse en diferentes \u00e1reas para que puedan conseguir un trabajo formal o realizar sus propios emprendimientos.<\/p>\n","protected":false},"author":7,"featured_media":27194,"comment_status":"open","ping_status":"open","sticky":false,"template":"","format":"standard","meta":{"_acf_changed":false,"_uag_custom_page_level_css":"","footnotes":""},"categories":[1],"tags":[],"class_list":["post-7123","post","type-post","status-publish","format-standard","has-post-thumbnail","hentry","category-sin-categoria"],"acf":[],"uagb_featured_image_src":{"full":["https:\/\/www.mtess.gov.py\/wp-content\/uploads\/2022\/09\/1-38.jpg",1600,900,false],"thumbnail":["https:\/\/www.mtess.gov.py\/wp-content\/uploads\/2022\/09\/1-38-150x150.jpg",150,150,true],"medium":["https:\/\/www.mtess.gov.py\/wp-content\/uploads\/2022\/09\/1-38-300x169.jpg",300,169,true],"medium_large":["https:\/\/www.mtess.gov.py\/wp-content\/uploads\/2022\/09\/1-38-768x432.jpg",768,432,true],"large":["https:\/\/www.mtess.gov.py\/wp-content\/uploads\/2022\/09\/1-38-300x169.jpg",300,169,true],"1536x1536":["https:\/\/www.mtess.gov.py\/wp-content\/uploads\/2022\/09\/1-38-1536x864.jpg",1536,864,true],"2048x2048":["https:\/\/www.mtess.gov.py\/wp-content\/uploads\/2022\/09\/1-38.jpg",1600,900,false],"depicter-thumbnail":["https:\/\/www.mtess.gov.py\/wp-content\/uploads\/2022\/09\/1-38.jpg",200,113,false]},"uagb_author_info":{"display_name":"Lucas Santacruz","author_link":"https:\/\/www.mtess.gov.py\/?author=7"},"uagb_comment_info":0,"uagb_excerpt":"Ministerio de Trabajo, Empleo y Seguridad Social (MTESS), realiz\u00f3 hoy una serie de actividades en la sede del Servicio Nacional de Promoci\u00f3n Profesional de la ciudad de San Juan Bautista, departamento de Misiones, donde la instituci\u00f3n dependiente de la cartera de Estado desarrolla diversos cursos de r\u00e1pida salida laboral para los habitantes. La ministra Carla&hellip;","_links":{"self":[{"href":"https:\/\/www.mtess.gov.py\/index.php?rest_route=\/wp\/v2\/posts\/7123","targetHints":{"allow":["GET"]}}],"collection":[{"href":"https:\/\/www.mtess.gov.py\/index.php?rest_route=\/wp\/v2\/posts"}],"about":[{"href":"https:\/\/www.mtess.gov.py\/index.php?rest_route=\/wp\/v2\/types\/post"}],"author":[{"embeddable":true,"href":"https:\/\/www.mtess.gov.py\/index.php?rest_route=\/wp\/v2\/users\/7"}],"replies":[{"embeddable":true,"href":"https:\/\/www.mtess.gov.py\/index.php?rest_route=%2Fwp%2Fv2%2Fcomments&post=7123"}],"version-history":[{"count":0,"href":"https:\/\/www.mtess.gov.py\/index.php?rest_route=\/wp\/v2\/posts\/7123\/revisions"}],"wp:featuredmedia":[{"embeddable":true,"href":"https:\/\/www.mtess.gov.py\/index.php?rest_route=\/wp\/v2\/media\/27194"}],"wp:attachment":[{"href":"https:\/\/www.mtess.gov.py\/index.php?rest_route=%2Fwp%2Fv2%2Fmedia&parent=7123"}],"wp:term":[{"taxonomy":"category","embeddable":true,"href":"https:\/\/www.mtess.gov.py\/index.php?rest_route=%2Fwp%2Fv2%2Fcategories&post=7123"},{"taxonomy":"post_tag","embeddable":true,"href":"https:\/\/www.mtess.gov.py\/index.php?rest_route=%2Fwp%2Fv2%2Ftags&post=7123"}],"curies":[{"name":"wp","href":"https:\/\/api.w.org\/{rel}","templated":true}]}}