{"id":7125,"date":"2022-09-07T16:40:00","date_gmt":"2022-09-07T20:40:00","guid":{"rendered":"https:\/\/bi.mtess.gov.py\/v1\/?p=7125"},"modified":"2022-09-07T16:40:00","modified_gmt":"2022-09-07T20:40:00","slug":"ministra-de-trabajo-carla-bacigalupo-insta-a-la-capacitacion-tecnica-a-los-jovenes-para-emplearse","status":"publish","type":"post","link":"https:\/\/www.mtess.gov.py\/?p=7125","title":{"rendered":"Ministra de Trabajo, Carla Bacigalupo, insta a la capacitaci\u00f3n t\u00e9cnica a los j\u00f3venes para emplearse"},"content":{"rendered":"<p style=\"text-align: justify\"><span style=\"font-size: 16px\">En esta localidad del<br \/>\ndepartamento Central, la cartera de Estado realiz\u00f3 adem\u00e1s una<br \/>\njornada de trabajo de certificaci\u00f3n ocupacional y de emprendedores<br \/>\ncon exposici\u00f3n de los productos elaborados por los egresados.<br \/>\nDurante el evento se presentaron testimonios de superaci\u00f3n personal<br \/>\ny profesional para la concreci\u00f3n de emprendimientos rentables, como<br \/>\nel caso de una joven que ha conseguido en poco tiempo comprar una<br \/>\nm\u00e1quina para producir prendas de vestir.<\/span><\/p>\n<p style=\"text-align: justify\"><span style=\"font-size: 16px\">\u201cPrimero<br \/>\nvamos a estudiar un oficio de 4, 5 o 6  meses, en los casos de<br \/>\ntorneros y soldadores, y despu\u00e9s elijamos a conciencia una carrera<br \/>\nuniversitaria, sabiendo los que hoy generan empleo y los que  no.<br \/>\nPero si queremos un empleo ya, r\u00e1pido, si queremos adquirir el saber<br \/>\nhacer t\u00e9cnico que nos va a generar un empleo directo, primero el<br \/>\noficio t\u00e9cnico\u201d, remarc\u00f3 la ministra Bacigalupo. Dijo que los<br \/>\npadres deben incidir en la decisi\u00f3n de sus hijos para que estudien<br \/>\ncarreras t\u00e9cnicas.<br \/>\n<\/span><\/p>\n<p style=\"text-align: justify\"><span style=\"font-size: 16px\">Durante<br \/>\nla ceremonia fueron entregados en forma simb\u00f3lica certificados a un<br \/>\ngrupo de egresados de los cursos de Operador de ofim\u00e1tica, Operador<br \/>\nde pala frontal con simulador, Mantenimiento y reparaci\u00f3n de equipos<br \/>\nde refrigeraci\u00f3n, Auxiliar de seguridad industrial y salud<br \/>\nocupacional, Instalaci\u00f3n de acondicionador de aire tipo split,<br \/>\nConfecci\u00f3n de blusa y camisa, Elaboraci\u00f3n de bocaditos dulces y<br \/>\nsalados, Elaboraci\u00f3n de tortas, entre otros. En el presente a\u00f1o, en<br \/>\nla ciudad de Guarambar\u00e9 egresaron 832 personas de los diferentes<br \/>\ncursos impartidos, de las cuales 174 son hombres y 658 son mujeres,<br \/>\nseg\u00fan inform\u00f3 la directora del SNPP de esta localidad, Mirian<br \/>\nGim\u00e9nez.<\/span><\/p>\n<p style=\"text-align: justify\"><strong><span style=\"font-size: 16px\">CERTIFICACI\u00d3N<br \/>\nOCUPACIONAL<\/span><\/strong><\/p>\n<p style=\"text-align: justify\"><span style=\"font-size: 16px\">Durante<br \/>\nel d\u00eda tambi\u00e9n se realiz\u00f3 certificaci\u00f3n ocupacional a los<br \/>\ntrabajadores emp\u00edricos de la zona de las especialidades de<br \/>\nInstalador electricista domiciliario, Mantenimiento y reparaci\u00f3n de<br \/>\nequipos de refrigeraci\u00f3n, Ayudante alba\u00f1il, Carpinter\u00eda, Plomer\u00eda,<br \/>\nCocinero, Panadero, Auxiliar peluquero y Peluquero unisex. La<br \/>\ncertificaci\u00f3n ocupacional que brinda el Ministerio de Trabajo es el<br \/>\nreconocimiento oficial de las calificaciones ocupacionales de un<br \/>\ntrabajador, donde se certifica sus conocimientos tecnol\u00f3gicos y las<br \/>\ndestrezas adquiridas a trav\u00e9s de la experiencia laboral o por el<br \/>\nejercicio de una ocupaci\u00f3n con o sin formaci\u00f3n previa.<br \/>\n<\/span><\/p>\n<p style=\"text-align: justify\"><span style=\"font-size: 16px\">Asimismo,<br \/>\ndurante la jornada el Ministerio de Trabajo brind\u00f3 atenci\u00f3n<br \/>\ngratuita de peluquer\u00eda y maquillaje, a trav\u00e9s de los egresados y<br \/>\nestudiantes de esta \u00e1rea de capacitaci\u00f3n que imparte el Servicio<br \/>\nNacional de Promoci\u00f3n Profesional, en su nuevo local, inaugurado en<br \/>\nel mes de junio de este a\u00f1o.<\/span><\/p>\n<p style=\"text-align: justify\"><\/p>\n","protected":false},"excerpt":{"rendered":"<p>La ministra de Trabajo, Carla Bacigalupo, inst\u00f3 a los j\u00f3venes a estudiar oficios t\u00e9cnicos para emplearse r\u00e1pidamente antes que decidir seguir una carrera universitaria. Fue durante la ceremonia de entrega de certificados a los egresados de varios cursos que se realiz\u00f3 en la ma\u00f1ana de hoy en la sede del Servicio Nacional de Promoci\u00f3n Profesional (SNPP) de la ciudad Guarambar\u00e9.<\/p>\n","protected":false},"author":7,"featured_media":27196,"comment_status":"open","ping_status":"open","sticky":false,"template":"","format":"standard","meta":{"_acf_changed":false,"_uag_custom_page_level_css":"","footnotes":""},"categories":[1],"tags":[],"class_list":["post-7125","post","type-post","status-publish","format-standard","has-post-thumbnail","hentry","category-sin-categoria"],"acf":[],"uagb_featured_image_src":{"full":["https:\/\/www.mtess.gov.py\/wp-content\/uploads\/2022\/09\/1-40.jpg",1600,900,false],"thumbnail":["https:\/\/www.mtess.gov.py\/wp-content\/uploads\/2022\/09\/1-40-150x150.jpg",150,150,true],"medium":["https:\/\/www.mtess.gov.py\/wp-content\/uploads\/2022\/09\/1-40-300x169.jpg",300,169,true],"medium_large":["https:\/\/www.mtess.gov.py\/wp-content\/uploads\/2022\/09\/1-40-768x432.jpg",768,432,true],"large":["https:\/\/www.mtess.gov.py\/wp-content\/uploads\/2022\/09\/1-40-300x169.jpg",300,169,true],"1536x1536":["https:\/\/www.mtess.gov.py\/wp-content\/uploads\/2022\/09\/1-40-1536x864.jpg",1536,864,true],"2048x2048":["https:\/\/www.mtess.gov.py\/wp-content\/uploads\/2022\/09\/1-40.jpg",1600,900,false],"depicter-thumbnail":["https:\/\/www.mtess.gov.py\/wp-content\/uploads\/2022\/09\/1-40.jpg",200,113,false]},"uagb_author_info":{"display_name":"Lucas Santacruz","author_link":"https:\/\/www.mtess.gov.py\/?author=7"},"uagb_comment_info":0,"uagb_excerpt":"La ministra de Trabajo, Carla Bacigalupo, inst\u00f3 a los j\u00f3venes a estudiar oficios t\u00e9cnicos para emplearse r\u00e1pidamente antes que decidir seguir una carrera universitaria. Fue durante la ceremonia de entrega de certificados a los egresados de varios cursos que se realiz\u00f3 en la ma\u00f1ana de hoy en la sede del Servicio Nacional de Promoci\u00f3n Profesional&hellip;","_links":{"self":[{"href":"https:\/\/www.mtess.gov.py\/index.php?rest_route=\/wp\/v2\/posts\/7125","targetHints":{"allow":["GET"]}}],"collection":[{"href":"https:\/\/www.mtess.gov.py\/index.php?rest_route=\/wp\/v2\/posts"}],"about":[{"href":"https:\/\/www.mtess.gov.py\/index.php?rest_route=\/wp\/v2\/types\/post"}],"author":[{"embeddable":true,"href":"https:\/\/www.mtess.gov.py\/index.php?rest_route=\/wp\/v2\/users\/7"}],"replies":[{"embeddable":true,"href":"https:\/\/www.mtess.gov.py\/index.php?rest_route=%2Fwp%2Fv2%2Fcomments&post=7125"}],"version-history":[{"count":0,"href":"https:\/\/www.mtess.gov.py\/index.php?rest_route=\/wp\/v2\/posts\/7125\/revisions"}],"wp:featuredmedia":[{"embeddable":true,"href":"https:\/\/www.mtess.gov.py\/index.php?rest_route=\/wp\/v2\/media\/27196"}],"wp:attachment":[{"href":"https:\/\/www.mtess.gov.py\/index.php?rest_route=%2Fwp%2Fv2%2Fmedia&parent=7125"}],"wp:term":[{"taxonomy":"category","embeddable":true,"href":"https:\/\/www.mtess.gov.py\/index.php?rest_route=%2Fwp%2Fv2%2Fcategories&post=7125"},{"taxonomy":"post_tag","embeddable":true,"href":"https:\/\/www.mtess.gov.py\/index.php?rest_route=%2Fwp%2Fv2%2Ftags&post=7125"}],"curies":[{"name":"wp","href":"https:\/\/api.w.org\/{rel}","templated":true}]}}