{"id":7127,"date":"2022-09-06T12:52:00","date_gmt":"2022-09-06T16:52:00","guid":{"rendered":"https:\/\/bi.mtess.gov.py\/v1\/?p=7127"},"modified":"2022-09-06T12:52:00","modified_gmt":"2022-09-06T16:52:00","slug":"mtess-creara-registro-unico-del-trabajador-rut","status":"publish","type":"post","link":"https:\/\/www.mtess.gov.py\/?p=7127","title":{"rendered":"MTESS crear\u00e1 registro \u00fanico del trabajador (RUT)"},"content":{"rendered":"<p><span class=\"NormalTextRun SCXW87011376 BCX0\">La iniciativa ser\u00e1 posible tras salir ganador el proyecto presentado por el Ministerio de Trabajo, Empleo y Seguridad Social (MTESS) en el programa \u00abInnovadores P\u00fablicos\u00bb, organizado por <\/span><span class=\"NormalTextRun SpellingErrorV2Themed SCXW87011376 BCX0\">Conacyt<\/span><span class=\"NormalTextRun SCXW87011376 BCX0\">. La selecci\u00f3n del proyecto presentado por los servidores p\u00fablicos del MTESS, permiti\u00f3 la adjudicaci\u00f3n de 15.000 d\u00f3lares americanos, monto que ayudar\u00e1 a la realizaci\u00f3n del proyecto que redundar\u00e1 en una soluci\u00f3n innovadora generada a partir de la instituci\u00f3n.<\/span><\/p>\n<p style=\"text-align: justify\"><span class=\"TextRun SCXW87011376 BCX0\"><span class=\"NormalTextRun SCXW87011376 BCX0\">Una vez que el RUT entre en funcionamiento, <\/span><span class=\"NormalTextRun SCXW87011376 BCX0\">los trabajadores tambi\u00e9n podr\u00e1n<\/span> acceder a un pliego completo de derechos y seguridad laboral, realizar denuncias por incumplimientos de pago de haberes y beneficios por parte de las empresas y calcular el monto de liquidaciones. <\/span> <\/p>\n<p style=\"text-align: justify\"><span class=\"TextRun SCXW87011376 BCX0\">El programa surge a trav\u00e9s de la Estrategia Nacional de Innovaci\u00f3n (ENI) de la Unidad de Gesti\u00f3n de la Presidencia de la Rep\u00fablica (UGPR), y del Consejo Nacional de Ciencia y Tecnolog\u00eda (CONACYT) por medio del Programa PROINNOVA, con apoyo t\u00e9cnico del Laboratorio de Aceleraci\u00f3n del Programa de las Naciones Unidas para el Desarrollo (PNUD); tuvo una duraci\u00f3n de 100 horas y cont\u00f3 con la participaci\u00f3n de 50 funcionarios p\u00fablicos pertenecientes a 10 instituciones p\u00fablicas que forman parte del Equipo Impulsor de la de la Estrategia nacional de Innovaci\u00f3n y el Equipo Econ\u00f3mico Nacional.<\/span> <\/p>\n<p style=\"text-align: justify\"><span class=\"TextRun SCXW87011376 BCX0\">La adjudicaci\u00f3n fue recibida por la ministra del MTESS, Carla Bacigalupo, el director de Inform\u00e1tica de la cartera de Estado Rub\u00e9n Gonz\u00e1lez, Teresa Fleitas, Lorena Cristaldo y Denis Gonz\u00e1lez. El jurado conformado para la evaluaci\u00f3n y selecci\u00f3n de los equipos ganadores estuvo conformado por diversos representantes p\u00fablicos, privados y representantes de la sociedad civil; el cual seleccion\u00f3 a dos equipos de instituciones p\u00fablicas para la adjudicaci\u00f3n de los fondos de implementaci\u00f3n: el Gabinete Social con SARI, Sistemas de Sistema de Alertas de Respuesta Inmediata y el Ministerio de Trabajo con RUT, Registro \u00fanico del trabajador. Estos pilotos ser\u00e1n financiados por el Laboratorio de Aceleraci\u00f3n del PNUD durante aproximadamente 8 semanas del 2023.<\/span><\/p>\n","protected":false},"excerpt":{"rendered":"<p>Trabajadores del sector privado podr\u00e1n cargar en una plataforma digital todo el historial laboral; adem\u00e1s de vincular informaci\u00f3n contenida en la base de datos de diferentes instituciones p\u00fablicas, asegurando la privacidad absoluta de toda la informaci\u00f3n prove\u00edda. La plataforma reflejar\u00e1 la trazabilidad completa del ciclo de vida laboral de un trabajador, desde sus inicios (la mayor\u00eda de las veces) en el sector informal, hasta su incorporaci\u00f3n al sector formal.<\/p>\n","protected":false},"author":7,"featured_media":27198,"comment_status":"open","ping_status":"open","sticky":false,"template":"","format":"standard","meta":{"_acf_changed":false,"_uag_custom_page_level_css":"","footnotes":""},"categories":[1],"tags":[],"class_list":["post-7127","post","type-post","status-publish","format-standard","has-post-thumbnail","hentry","category-sin-categoria"],"acf":[],"uagb_featured_image_src":{"full":["https:\/\/www.mtess.gov.py\/wp-content\/uploads\/2022\/09\/WhatsApp_Image_2022-09-06_at_12.46.15-6.jpeg",1440,1080,false],"thumbnail":["https:\/\/www.mtess.gov.py\/wp-content\/uploads\/2022\/09\/WhatsApp_Image_2022-09-06_at_12.46.15-6-150x150.jpeg",150,150,true],"medium":["https:\/\/www.mtess.gov.py\/wp-content\/uploads\/2022\/09\/WhatsApp_Image_2022-09-06_at_12.46.15-6-300x225.jpeg",300,225,true],"medium_large":["https:\/\/www.mtess.gov.py\/wp-content\/uploads\/2022\/09\/WhatsApp_Image_2022-09-06_at_12.46.15-6-768x576.jpeg",768,576,true],"large":["https:\/\/www.mtess.gov.py\/wp-content\/uploads\/2022\/09\/WhatsApp_Image_2022-09-06_at_12.46.15-6-300x225.jpeg",300,225,true],"1536x1536":["https:\/\/www.mtess.gov.py\/wp-content\/uploads\/2022\/09\/WhatsApp_Image_2022-09-06_at_12.46.15-6.jpeg",1440,1080,false],"2048x2048":["https:\/\/www.mtess.gov.py\/wp-content\/uploads\/2022\/09\/WhatsApp_Image_2022-09-06_at_12.46.15-6.jpeg",1440,1080,false],"depicter-thumbnail":["https:\/\/www.mtess.gov.py\/wp-content\/uploads\/2022\/09\/WhatsApp_Image_2022-09-06_at_12.46.15-6.jpeg",200,150,false]},"uagb_author_info":{"display_name":"Lucas Santacruz","author_link":"https:\/\/www.mtess.gov.py\/?author=7"},"uagb_comment_info":0,"uagb_excerpt":"Trabajadores del sector privado podr\u00e1n cargar en una plataforma digital todo el historial laboral; adem\u00e1s de vincular informaci\u00f3n contenida en la base de datos de diferentes instituciones p\u00fablicas, asegurando la privacidad absoluta de toda la informaci\u00f3n prove\u00edda. La plataforma reflejar\u00e1 la trazabilidad completa del ciclo de vida laboral de un trabajador, desde sus inicios (la&hellip;","_links":{"self":[{"href":"https:\/\/www.mtess.gov.py\/index.php?rest_route=\/wp\/v2\/posts\/7127","targetHints":{"allow":["GET"]}}],"collection":[{"href":"https:\/\/www.mtess.gov.py\/index.php?rest_route=\/wp\/v2\/posts"}],"about":[{"href":"https:\/\/www.mtess.gov.py\/index.php?rest_route=\/wp\/v2\/types\/post"}],"author":[{"embeddable":true,"href":"https:\/\/www.mtess.gov.py\/index.php?rest_route=\/wp\/v2\/users\/7"}],"replies":[{"embeddable":true,"href":"https:\/\/www.mtess.gov.py\/index.php?rest_route=%2Fwp%2Fv2%2Fcomments&post=7127"}],"version-history":[{"count":0,"href":"https:\/\/www.mtess.gov.py\/index.php?rest_route=\/wp\/v2\/posts\/7127\/revisions"}],"wp:featuredmedia":[{"embeddable":true,"href":"https:\/\/www.mtess.gov.py\/index.php?rest_route=\/wp\/v2\/media\/27198"}],"wp:attachment":[{"href":"https:\/\/www.mtess.gov.py\/index.php?rest_route=%2Fwp%2Fv2%2Fmedia&parent=7127"}],"wp:term":[{"taxonomy":"category","embeddable":true,"href":"https:\/\/www.mtess.gov.py\/index.php?rest_route=%2Fwp%2Fv2%2Fcategories&post=7127"},{"taxonomy":"post_tag","embeddable":true,"href":"https:\/\/www.mtess.gov.py\/index.php?rest_route=%2Fwp%2Fv2%2Ftags&post=7127"}],"curies":[{"name":"wp","href":"https:\/\/api.w.org\/{rel}","templated":true}]}}