{"id":7128,"date":"2022-09-06T12:28:00","date_gmt":"2022-09-06T16:28:00","guid":{"rendered":"https:\/\/bi.mtess.gov.py\/v1\/?p=7128"},"modified":"2022-09-06T12:28:00","modified_gmt":"2022-09-06T16:28:00","slug":"el-ministerio-de-trabajo-inicio-varios-cursos-en-las-ciudades-de-capiata-y-san-lorenzo","status":"publish","type":"post","link":"https:\/\/www.mtess.gov.py\/?p=7128","title":{"rendered":"El Ministerio de Trabajo inici\u00f3 varios cursos en las ciudades de Capiat\u00e1 y San Lorenzo"},"content":{"rendered":"<p style=\"text-align: justify\"><span style=\"font-size: 16px\">Con la implementaci\u00f3n del<br \/>\nproyecto se da respuestas a las demandas ocupacionales y competencias<br \/>\nlaborales en las mencionadas localidades del departamento Central,<br \/>\norientado a la poblaci\u00f3n objetivo y la dotaci\u00f3n de kits para la<br \/>\ngeneraci\u00f3n de puestos de trabajo independientes y la cobertura<br \/>\ndirecta de la demanda de puestos de trabajo del sector empresarial.<\/span><\/p>\n<p style=\"text-align: justify\"><span style=\"font-size: 16px\">Los<br \/>\ncursos de gesti\u00f3n de productos c\u00e1rnicos se desarrollan de lunes a<br \/>\ns\u00e1bado en la ciudad de San Lorenzo. Cuchiller\u00eda y corte se imparte<br \/>\nlos lunes, mi\u00e9rcoles y viernes; mientras que Operador de faena los<br \/>\nmartes, jueves y s\u00e1bado, con clases te\u00f3rica y pr\u00e1ctica. Asimismo<br \/>\nse desarrollan los cursos de Operador corporativo de computadoras,<br \/>\nElectricidad industrial y Maestro de obra civil con hormigonero, en<br \/>\nlas ciudades de Capiat\u00e1. Y San Lorenzo.<\/span><\/p>\n<p style=\"text-align: justify\"><span style=\"font-size: 16px\">La<br \/>\ncapacitaci\u00f3n de gesti\u00f3n de productos c\u00e1rnicos tienen una duraci\u00f3n<br \/>\ntotal de 120 horas pedag\u00f3gicas. La modalidad es semipresencial,<br \/>\ndividida en 9 clases en plataforma virtual, y 15 clases presenciales,<br \/>\n donde los participantes recibir\u00e1n, por un lado, un componente de<br \/>\nformaci\u00f3n, y finalmente un componente de apoyo profesional,<br \/>\nconstituido por un material educativo, un kit de \u00fatiles, y un kit de<br \/>\nequipamientos para la inserci\u00f3n laboral efectiva.<\/span><\/p>\n","protected":false},"excerpt":{"rendered":"<p>Entre los cursos que se iniciaron este lunes en algunas zonas de las ciudades de Capiat\u00e1 y San Lorenzo figuran capacitaci\u00f3n en gesti\u00f3n de productos c\u00e1rnicos, en el marco del convenio de cooperaci\u00f3n entre el Ministerio de Trabajo, Empleo y Seguridad Social (MTESS) y la asociaci\u00f3n Wake UP, con el apoyo de los fondos de la Uni\u00f3n Europea.<\/p>\n","protected":false},"author":7,"featured_media":27199,"comment_status":"open","ping_status":"open","sticky":false,"template":"","format":"standard","meta":{"_acf_changed":false,"_uag_custom_page_level_css":"","footnotes":""},"categories":[1],"tags":[],"class_list":["post-7128","post","type-post","status-publish","format-standard","has-post-thumbnail","hentry","category-sin-categoria"],"acf":[],"uagb_featured_image_src":{"full":["https:\/\/www.mtess.gov.py\/wp-content\/uploads\/2022\/09\/2-2.jpg",1440,1080,false],"thumbnail":["https:\/\/www.mtess.gov.py\/wp-content\/uploads\/2022\/09\/2-2-150x150.jpg",150,150,true],"medium":["https:\/\/www.mtess.gov.py\/wp-content\/uploads\/2022\/09\/2-2-300x225.jpg",300,225,true],"medium_large":["https:\/\/www.mtess.gov.py\/wp-content\/uploads\/2022\/09\/2-2-768x576.jpg",768,576,true],"large":["https:\/\/www.mtess.gov.py\/wp-content\/uploads\/2022\/09\/2-2-300x225.jpg",300,225,true],"1536x1536":["https:\/\/www.mtess.gov.py\/wp-content\/uploads\/2022\/09\/2-2.jpg",1440,1080,false],"2048x2048":["https:\/\/www.mtess.gov.py\/wp-content\/uploads\/2022\/09\/2-2.jpg",1440,1080,false],"depicter-thumbnail":["https:\/\/www.mtess.gov.py\/wp-content\/uploads\/2022\/09\/2-2.jpg",200,150,false]},"uagb_author_info":{"display_name":"Lucas Santacruz","author_link":"https:\/\/www.mtess.gov.py\/?author=7"},"uagb_comment_info":0,"uagb_excerpt":"Entre los cursos que se iniciaron este lunes en algunas zonas de las ciudades de Capiat\u00e1 y San Lorenzo figuran capacitaci\u00f3n en gesti\u00f3n de productos c\u00e1rnicos, en el marco del convenio de cooperaci\u00f3n entre el Ministerio de Trabajo, Empleo y Seguridad Social (MTESS) y la asociaci\u00f3n Wake UP, con el apoyo de los fondos de&hellip;","_links":{"self":[{"href":"https:\/\/www.mtess.gov.py\/index.php?rest_route=\/wp\/v2\/posts\/7128","targetHints":{"allow":["GET"]}}],"collection":[{"href":"https:\/\/www.mtess.gov.py\/index.php?rest_route=\/wp\/v2\/posts"}],"about":[{"href":"https:\/\/www.mtess.gov.py\/index.php?rest_route=\/wp\/v2\/types\/post"}],"author":[{"embeddable":true,"href":"https:\/\/www.mtess.gov.py\/index.php?rest_route=\/wp\/v2\/users\/7"}],"replies":[{"embeddable":true,"href":"https:\/\/www.mtess.gov.py\/index.php?rest_route=%2Fwp%2Fv2%2Fcomments&post=7128"}],"version-history":[{"count":0,"href":"https:\/\/www.mtess.gov.py\/index.php?rest_route=\/wp\/v2\/posts\/7128\/revisions"}],"wp:featuredmedia":[{"embeddable":true,"href":"https:\/\/www.mtess.gov.py\/index.php?rest_route=\/wp\/v2\/media\/27199"}],"wp:attachment":[{"href":"https:\/\/www.mtess.gov.py\/index.php?rest_route=%2Fwp%2Fv2%2Fmedia&parent=7128"}],"wp:term":[{"taxonomy":"category","embeddable":true,"href":"https:\/\/www.mtess.gov.py\/index.php?rest_route=%2Fwp%2Fv2%2Fcategories&post=7128"},{"taxonomy":"post_tag","embeddable":true,"href":"https:\/\/www.mtess.gov.py\/index.php?rest_route=%2Fwp%2Fv2%2Ftags&post=7128"}],"curies":[{"name":"wp","href":"https:\/\/api.w.org\/{rel}","templated":true}]}}