{"id":7134,"date":"2022-08-29T21:33:00","date_gmt":"2022-08-30T01:33:00","guid":{"rendered":"https:\/\/bi.mtess.gov.py\/v1\/?p=7134"},"modified":"2022-08-29T21:33:00","modified_gmt":"2022-08-30T01:33:00","slug":"la-comision-nacional-de-erradicacion-del-trabajo-infantil-mantuvo-su-segunda-reunion-ordinaria","status":"publish","type":"post","link":"https:\/\/www.mtess.gov.py\/?p=7134","title":{"rendered":"La Comisi\u00f3n Nacional de Erradicaci\u00f3n del Trabajo Infantil mantuvo su segunda reuni\u00f3n ordinaria"},"content":{"rendered":"<p style=\"text-align: justify\"><span style=\"font-size: 16px\">La reuni\u00f3n fue coordinada por la<br \/>\ndirectora general de Protecci\u00f3n a la Ni\u00f1ez y Adolescencia, Abg.<br \/>\nMariela G\u00f3mez Oru\u00e9 y cont\u00f3 con la participaci\u00f3n de los siguientes<br \/>\nrepresentantes: de la Feprinco, del Ministerio de la Ni\u00f1ez y<br \/>\nAdolescencia, del Ministerio de Educaci\u00f3n y Ciencias, de la Corte<br \/>\nSuprema de Justicia, del programa Entrenamiento Laboral Protegido del<br \/>\nSNPP, representantes de la CUT-A, representantes de UNICEF, de la ONG<br \/>\nFortalecer, y del consultor Abg. Ricardo Gonz\u00e1lez  Borgne, en el<br \/>\nmarco del proyecto trabajo decente en la cadena de Algod\u00f3n, proyecto<br \/>\nllevado adelante por la OIT, Basil, la Agencia Brasilera de<br \/>\nCooperaci\u00f3n y la oficina t\u00e9cnica OIT Paraguay.<\/span><\/p>\n<p style=\"text-align: justify\"><span style=\"font-size: 16px\">Como<br \/>\n\u00fanico tema del encuentro fue la revisi\u00f3n del Protocolo de<br \/>\nCriadazgo, de manera a poder hacer un estudio exhaustivo, sobre la<br \/>\npertinencia o no de ciertos puntos del protocolo, de manera a no<br \/>\nrevictimizar a los ni\u00f1os, ni\u00f1as y adolescentes v\u00edctimas de este<br \/>\ngran flagelo, considerado en Paraguay como una de las peores formas<br \/>\nde trabajo infantil, incluso pudiendo llegar a ser trata interna, as\u00ed<br \/>\ncomo actualizar las normativas vigentes, que hacen al buen desempe\u00f1o<br \/>\ny utilizaci\u00f3n del documento.<\/span><\/p>\n<p style=\"text-align: justify\"><span style=\"font-size: 16px\">El<br \/>\ndebate fue muy ameno y enriquecedor, por lo que la comisi\u00f3n<br \/>\nsocializar\u00e1 con todos los miembros, el documento trabajado y se<br \/>\nllegar\u00e1 a un consenso final, en aras de fortalecer a las Codenis y<br \/>\ndem\u00e1s actores del sistema de protecci\u00f3n, y porque no a los<br \/>\nciudadanos en general,  para que puedan identificar y hacer la<br \/>\ndenuncia correspondiente, ya que el criadazgo est\u00e1 prohibido en<br \/>\nParaguay, as\u00ed como el trabajo dom\u00e9stico para menores de 18 a\u00f1os,<br \/>\nque esta taxativamente prohibido en Paraguay por  Ley N\u00b0 5407, que<br \/>\nregula el trabajo dom\u00e9stico.<\/span><\/p>\n<p style=\"text-align: justify\"><span style=\"font-size: 16px\">Por<br \/>\notra parte el Ministerio de Trabajo recuerda que los indicadores para<br \/>\nla detecci\u00f3n del criadazgo son: los ni\u00f1os\/as salen de sus familias<br \/>\nde origen por acuerdo de los padres, la ni\u00f1a o ni\u00f1o realiza tareas<br \/>\ndom\u00e9sticas sin remuneraci\u00f3n, recibe un trato diferente a otros<br \/>\nni\u00f1os que viven en la casa receptora, la familia receptora no puede<br \/>\ndemostrar la guarda del NNA, presenta manifestaciones f\u00edsicas o<br \/>\nconductas de agresi\u00f3n o maltrato y generalmente no pueden continuar<br \/>\ncon sus estudios, o simplemente no van a la escuela.<\/span><\/p>\n<p style=\"text-align: justify\"><strong><span style=\"font-size: 16px\">DENUNCIA<\/span><\/strong><\/p>\n<p style=\"text-align: justify\"><span style=\"font-size: 16px\">De<br \/>\ntener conocimiento de alg\u00fan caso de criadazgo, piden realizar la<br \/>\ndenuncia a la Codeni mas cercana, a la Defensa P\u00fablica, o a las<br \/>\ndirecciones del Trabajo situadas en los departamentos del pa\u00eds.<br \/>\nTambi\u00e9n pueden llamar a las l\u00edneas nacionales 147 o 133, o incluso<br \/>\nal 911. Las denuncias pueden ser an\u00f3nimas, se\u00f1alan.<\/span><\/p>\n","protected":false},"excerpt":{"rendered":"<p>El Ministerio de Trabajo Empleo y Seguridad Social (MTESS), a trav\u00e9s de la Direcci\u00f3n General de Protecci\u00f3n a la Ni\u00f1ez y Adolescencia ha llevado adelante la segunda reuni\u00f3n ordinaria de la Comisi\u00f3n Nacional de Erradicaci\u00f3n del Trabajo Infantil y Protecci\u00f3n del Trabajo Adolescente, Conaeti 2022, en el sal\u00f3n principal de la cartera de Estado.<\/p>\n","protected":false},"author":7,"featured_media":27205,"comment_status":"open","ping_status":"open","sticky":false,"template":"","format":"standard","meta":{"_acf_changed":false,"_uag_custom_page_level_css":"","footnotes":""},"categories":[1],"tags":[],"class_list":["post-7134","post","type-post","status-publish","format-standard","has-post-thumbnail","hentry","category-sin-categoria"],"acf":[],"uagb_featured_image_src":{"full":["https:\/\/www.mtess.gov.py\/wp-content\/uploads\/2022\/08\/2-10.jpg",1440,1080,false],"thumbnail":["https:\/\/www.mtess.gov.py\/wp-content\/uploads\/2022\/08\/2-10-150x150.jpg",150,150,true],"medium":["https:\/\/www.mtess.gov.py\/wp-content\/uploads\/2022\/08\/2-10-300x225.jpg",300,225,true],"medium_large":["https:\/\/www.mtess.gov.py\/wp-content\/uploads\/2022\/08\/2-10-768x576.jpg",768,576,true],"large":["https:\/\/www.mtess.gov.py\/wp-content\/uploads\/2022\/08\/2-10-300x225.jpg",300,225,true],"1536x1536":["https:\/\/www.mtess.gov.py\/wp-content\/uploads\/2022\/08\/2-10.jpg",1440,1080,false],"2048x2048":["https:\/\/www.mtess.gov.py\/wp-content\/uploads\/2022\/08\/2-10.jpg",1440,1080,false],"depicter-thumbnail":["https:\/\/www.mtess.gov.py\/wp-content\/uploads\/2022\/08\/2-10.jpg",200,150,false]},"uagb_author_info":{"display_name":"Lucas Santacruz","author_link":"https:\/\/www.mtess.gov.py\/?author=7"},"uagb_comment_info":0,"uagb_excerpt":"El Ministerio de Trabajo Empleo y Seguridad Social (MTESS), a trav\u00e9s de la Direcci\u00f3n General de Protecci\u00f3n a la Ni\u00f1ez y Adolescencia ha llevado adelante la segunda reuni\u00f3n ordinaria de la Comisi\u00f3n Nacional de Erradicaci\u00f3n del Trabajo Infantil y Protecci\u00f3n del Trabajo Adolescente, Conaeti 2022, en el sal\u00f3n principal de la cartera de Estado.","_links":{"self":[{"href":"https:\/\/www.mtess.gov.py\/index.php?rest_route=\/wp\/v2\/posts\/7134","targetHints":{"allow":["GET"]}}],"collection":[{"href":"https:\/\/www.mtess.gov.py\/index.php?rest_route=\/wp\/v2\/posts"}],"about":[{"href":"https:\/\/www.mtess.gov.py\/index.php?rest_route=\/wp\/v2\/types\/post"}],"author":[{"embeddable":true,"href":"https:\/\/www.mtess.gov.py\/index.php?rest_route=\/wp\/v2\/users\/7"}],"replies":[{"embeddable":true,"href":"https:\/\/www.mtess.gov.py\/index.php?rest_route=%2Fwp%2Fv2%2Fcomments&post=7134"}],"version-history":[{"count":0,"href":"https:\/\/www.mtess.gov.py\/index.php?rest_route=\/wp\/v2\/posts\/7134\/revisions"}],"wp:featuredmedia":[{"embeddable":true,"href":"https:\/\/www.mtess.gov.py\/index.php?rest_route=\/wp\/v2\/media\/27205"}],"wp:attachment":[{"href":"https:\/\/www.mtess.gov.py\/index.php?rest_route=%2Fwp%2Fv2%2Fmedia&parent=7134"}],"wp:term":[{"taxonomy":"category","embeddable":true,"href":"https:\/\/www.mtess.gov.py\/index.php?rest_route=%2Fwp%2Fv2%2Fcategories&post=7134"},{"taxonomy":"post_tag","embeddable":true,"href":"https:\/\/www.mtess.gov.py\/index.php?rest_route=%2Fwp%2Fv2%2Ftags&post=7134"}],"curies":[{"name":"wp","href":"https:\/\/api.w.org\/{rel}","templated":true}]}}