{"id":7136,"date":"2022-08-29T15:51:00","date_gmt":"2022-08-29T19:51:00","guid":{"rendered":"https:\/\/bi.mtess.gov.py\/v1\/?p=7136"},"modified":"2022-08-29T15:51:00","modified_gmt":"2022-08-29T19:51:00","slug":"ministra-de-trabajo-presento-870-vacancias-laborales-de-esta-semana-para-el-sector-privado","status":"publish","type":"post","link":"https:\/\/www.mtess.gov.py\/?p=7136","title":{"rendered":"Ministra de Trabajo present\u00f3 870 vacancias laborales de esta semana para el sector privado"},"content":{"rendered":"<p style=\"text-align: justify\"><span style=\"font-size: 16px\">Durante una reuni\u00f3n prensa,<br \/>\nrealizada en la sede de la Direcci\u00f3n General de Empleo, la ministra<br \/>\nBacigalupo, manifest\u00f3 que existen muchas oportunidades de trabajo<br \/>\nesta semana para los j\u00f3venes y mujeres. Indic\u00f3 que de las 870<br \/>\nvacancias 430 corresponden para el primer empleo, es decir, sin<br \/>\nnecesidad de una experiencia previa para insertarse al mercado<br \/>\nlaboral.<\/span><\/p>\n<p style=\"text-align: justify\"><span style=\"font-size: 16px\">Mencion\u00f3<br \/>\nque la empresa maquiladora que se instal\u00f3 en la ciudad de Luque en<br \/>\nel 2019 precisa contratar 400 j\u00f3venes para su planta fabril de<br \/>\nautopartes. En ese entonces el Ministerio de Trabajo le hab\u00eda<br \/>\nayudado en el reclutamiento de primer grupo de trabajadores y que<br \/>\nahora har\u00e1 lo mismo para convocar a las personas interesadas en esta<br \/>\nactividad laboral. Dijo que solo deben tener concluido el<br \/>\nbachillerato y que la propia empresa tiene su escuela de capacitaci\u00f3n<br \/>\npara el trabajo que deber\u00e1n realizar.<\/span><\/p>\n<p style=\"text-align: justify\"><span style=\"font-size: 16px\">Entre<br \/>\nlos 870 trabajadores que solicitan esta semana las empresas de<br \/>\ndiferentes rubros figuran adem\u00e1s repositeros, ejecutivos<br \/>\ncomerciales, cajeros, panaderos, carniceros, cocineros, personal para<br \/>\natenci\u00f3n al cliente, guardias de seguridad, analistas de compras,<br \/>\ntrabajadores para limpieza, para atenci\u00f3n de patio de comida,<br \/>\nmec\u00e1nicos automotriz, analistas senior, vendedores, entre varios<br \/>\notros puestos laborales.<\/span><\/p>\n<p style=\"text-align: justify\"><span style=\"font-size: 16px\">Las<br \/>\npersonas interesadas en conseguir un trabajo pueden postularse a<br \/>\ntrav\u00e9s de la Vidriera de<br \/>\nEmpleo del Ministerio de Trabajo en el siguiente enlace:<br \/>\n<a href=\"https:\/\/www.mtess.gov.py\/busca-empleo\/vidriera-de-empleo\"><strong><\/strong><\/a><strong><a href=\"https:\/\/www.mtess.gov.py\/busca-empleo\/vidriera-de-empleo\">https:\/\/www.mtess.gov.py\/busca-empleo\/vidriera-de-&#8230;<\/a><\/strong>,<br \/>\ndonde<br \/>\npodr\u00e1n informarse de los requisitos para cada puesto. Si a\u00fan no<br \/>\nest\u00e1n registradas en la plataforma deben realizar este paso por<br \/>\nmedio de<\/span><\/p>\n<p style=\"text-align: justify\"><span style=\"font-size: 16px\"><a href=\"https:\/\/www.mtess.gov.py\/busca-empleo\/spe-formulario-de-registro-en-la-bolsa-de-empleo\"><strong><\/strong><\/a><strong><a href=\"https:\/\/www.mtess.gov.py\/busca-empleo\/spe-formulario-de-registro-en-la-bolsa-de-empleo\">https:\/\/www.mtess.gov.py\/busca-empleo\/spe-formular&#8230;<\/a><\/strong><br \/>\ny posteriormente acceder a las vacancias disponibles en esta semana y<br \/>\notras que a\u00fan no fueron llenadas.<\/span><\/p>\n<p style=\"text-align: justify\"><span style=\"font-size: 16px\"> Asimismo<br \/>\npueden hacerlo en forma presencial en la sede del Viceministerio de<br \/>\nEmpleo y Seguridad Social, ubicada en avenida Per\u00fa esquina R\u00edo de<br \/>\nJaneiro, Asunci\u00f3n. Los n\u00fameros disponibles en el centro de atenci\u00f3n<br \/>\nal buscador de empleo para las diferentes consultas son 0983-677682,<br \/>\n0983-608705, 0981-553939 y el 0983-307686.<\/span><\/p>\n<p style=\"text-align: justify\"><strong><span style=\"font-size: 16px\">CAPACITACI\u00d3N<\/span><\/strong><\/p>\n<p style=\"text-align: justify\"><span style=\"font-size: 16px\">La<br \/>\nministra Carla Bacigalupo, remarc\u00f3 que en la actualidad los<br \/>\nprincipales requisitos para acceder a un trabajo son tener una buena<br \/>\ndicci\u00f3n, oratoria e inform\u00e1tica, adem\u00e1s de las habilidades<br \/>\nt\u00e9cnicas para cada \u00e1rea laboral. Invit\u00f3 a los j\u00f3venes a provechar<br \/>\nlos cursos disponibles en sus entes, el Servicio Nacional de<br \/>\nPromoci\u00f3n Profesional (SNPP) y el Sistema Nacional de Formaci\u00f3n y<br \/>\nCapacitaci\u00f3n Laboral (Sinafocal) para capacitarse en diversas<br \/>\nespecialidades. M\u00e1s de 8.500 cursos fueron programados para el<br \/>\npresente a\u00f1o, para la formaci\u00f3n de la fuerza laboral del pa\u00eds.<\/span><\/p>\n","protected":false},"excerpt":{"rendered":"<p>Un total de 870 vacancias labores de esta semana present\u00f3 la ministra de Trabajo, Carla Bacigalupo, en la ma\u00f1ana de hoy, entre las que figuran 400 puestos laborales para una empresa maquilladora situada en la ciudad de Luque y para otras firmas ubicadas en Asunci\u00f3n y ciudades del interior del pa\u00eds.<\/p>\n","protected":false},"author":7,"featured_media":27207,"comment_status":"open","ping_status":"open","sticky":false,"template":"","format":"standard","meta":{"_acf_changed":false,"_uag_custom_page_level_css":"","footnotes":""},"categories":[1],"tags":[],"class_list":["post-7136","post","type-post","status-publish","format-standard","has-post-thumbnail","hentry","category-sin-categoria"],"acf":[],"uagb_featured_image_src":{"full":["https:\/\/www.mtess.gov.py\/wp-content\/uploads\/2022\/08\/Vavancias_laborales_1_29-08-22-2.jpg",1080,1080,false],"thumbnail":["https:\/\/www.mtess.gov.py\/wp-content\/uploads\/2022\/08\/Vavancias_laborales_1_29-08-22-2-150x150.jpg",150,150,true],"medium":["https:\/\/www.mtess.gov.py\/wp-content\/uploads\/2022\/08\/Vavancias_laborales_1_29-08-22-2-300x300.jpg",300,300,true],"medium_large":["https:\/\/www.mtess.gov.py\/wp-content\/uploads\/2022\/08\/Vavancias_laborales_1_29-08-22-2-768x768.jpg",768,768,true],"large":["https:\/\/www.mtess.gov.py\/wp-content\/uploads\/2022\/08\/Vavancias_laborales_1_29-08-22-2-300x300.jpg",300,300,true],"1536x1536":["https:\/\/www.mtess.gov.py\/wp-content\/uploads\/2022\/08\/Vavancias_laborales_1_29-08-22-2.jpg",1080,1080,false],"2048x2048":["https:\/\/www.mtess.gov.py\/wp-content\/uploads\/2022\/08\/Vavancias_laborales_1_29-08-22-2.jpg",1080,1080,false],"depicter-thumbnail":["https:\/\/www.mtess.gov.py\/wp-content\/uploads\/2022\/08\/Vavancias_laborales_1_29-08-22-2.jpg",200,200,false]},"uagb_author_info":{"display_name":"Lucas Santacruz","author_link":"https:\/\/www.mtess.gov.py\/?author=7"},"uagb_comment_info":0,"uagb_excerpt":"Un total de 870 vacancias labores de esta semana present\u00f3 la ministra de Trabajo, Carla Bacigalupo, en la ma\u00f1ana de hoy, entre las que figuran 400 puestos laborales para una empresa maquilladora situada en la ciudad de Luque y para otras firmas ubicadas en Asunci\u00f3n y ciudades del interior del pa\u00eds.","_links":{"self":[{"href":"https:\/\/www.mtess.gov.py\/index.php?rest_route=\/wp\/v2\/posts\/7136","targetHints":{"allow":["GET"]}}],"collection":[{"href":"https:\/\/www.mtess.gov.py\/index.php?rest_route=\/wp\/v2\/posts"}],"about":[{"href":"https:\/\/www.mtess.gov.py\/index.php?rest_route=\/wp\/v2\/types\/post"}],"author":[{"embeddable":true,"href":"https:\/\/www.mtess.gov.py\/index.php?rest_route=\/wp\/v2\/users\/7"}],"replies":[{"embeddable":true,"href":"https:\/\/www.mtess.gov.py\/index.php?rest_route=%2Fwp%2Fv2%2Fcomments&post=7136"}],"version-history":[{"count":0,"href":"https:\/\/www.mtess.gov.py\/index.php?rest_route=\/wp\/v2\/posts\/7136\/revisions"}],"wp:featuredmedia":[{"embeddable":true,"href":"https:\/\/www.mtess.gov.py\/index.php?rest_route=\/wp\/v2\/media\/27207"}],"wp:attachment":[{"href":"https:\/\/www.mtess.gov.py\/index.php?rest_route=%2Fwp%2Fv2%2Fmedia&parent=7136"}],"wp:term":[{"taxonomy":"category","embeddable":true,"href":"https:\/\/www.mtess.gov.py\/index.php?rest_route=%2Fwp%2Fv2%2Fcategories&post=7136"},{"taxonomy":"post_tag","embeddable":true,"href":"https:\/\/www.mtess.gov.py\/index.php?rest_route=%2Fwp%2Fv2%2Ftags&post=7136"}],"curies":[{"name":"wp","href":"https:\/\/api.w.org\/{rel}","templated":true}]}}