{"id":7142,"date":"2022-08-22T12:19:00","date_gmt":"2022-08-22T16:19:00","guid":{"rendered":"https:\/\/bi.mtess.gov.py\/v1\/?p=7142"},"modified":"2022-08-22T12:19:00","modified_gmt":"2022-08-22T16:19:00","slug":"ministerio-de-trabajo-cuenta-con-380-vacancias-laborales-para-el-sector-privado","status":"publish","type":"post","link":"https:\/\/www.mtess.gov.py\/?p=7142","title":{"rendered":"Ministerio de Trabajo cuenta con 380 vacancias laborales para el sector privado"},"content":{"rendered":"<p style=\"text-align: justify\"><span style=\"font-size: 16px\">Adem\u00e1s<br \/>\nde las 319 vacancias para trabajo en venta, otras empresas precisan<br \/>\ncontratar t\u00e9cnicos en mec\u00e1nica industrial, pasantes para recursos<br \/>\nhumanos, mec\u00e1nicos, asistentes de servicios generales, personal para<br \/>\natenci\u00f3n al cliente, personal<br \/>\npara atenci\u00f3n en restaurante de comida r\u00e1pida, operario de m\u00e1quina<br \/>\npesada, gomero, supervisor de producci\u00f3n, auxiliar contable,<br \/>\nencargado de taller mec\u00e1nico, asistente de control de calidad,<br \/>\nsupervisor de caja, oficial de prevenci\u00f3n, entre otros puestos<br \/>\nlaborales.<\/span><\/p>\n<p style=\"text-align: justify\"><span style=\"font-size: 16px\">Las<br \/>\npersonas interesadas en alg\u00fan puesto laboral deben registrarse en la<br \/>\nbolsa de empleo<br \/>\n<a href=\"https:\/\/www.mtess.gov.py\/busca-empleo\/spe-formulario-de-registro-en-la-bolsa-de-empleo\">https:\/\/www.mtess.gov.py\/busca-empleo\/spe-formulario-de-registro-en-la-bolsa-de-empleo<\/a><br \/>\ny posteriormente acceder a las vacancias disponibles en esta semana y<br \/>\notras que a\u00fan no fueron llenadas en el siguiente enlace:<br \/>\n<a href=\"https:\/\/www.mtess.gov.py\/busca-empleo\/vidriera-de-empleo\">https:\/\/www.mtess.gov.py\/busca-empleo\/vidriera-de-empleo<\/a>.<br \/>\nAsimismo pueden hacerlo en forma presencial en la sede del<br \/>\nViceministerio de Empleo y Seguridad Social, ubicada en avenida Per\u00fa<br \/>\nesquina R\u00edo de Janeiro, Asunci\u00f3n.<br \/>\n<\/span><\/p>\n<p style=\"text-align: justify\"><span style=\"font-size: 16px\">Desde<br \/>\nla Direcci\u00f3n General de Empleo los funcionarios se comunicar\u00e1n con<br \/>\nlas personas que se postulan para los diferentes puestos a<br \/>\ntrav\u00e9s de la plataforma digital para<br \/>\nguiarles sobre los pasos a seguir antes de las entrevistas con<br \/>\nrepresentantes de las empresas. Los n\u00fameros disponibles en el centro<br \/>\nde atenci\u00f3n al buscador de empleo para las diferentes consultas son<br \/>\n0983-677682, 0983-608705, 0981-553939 y el 0983-307686.<\/span><\/p>\n<p style=\"text-align: justify\"><span style=\"font-size: 16px\">El<br \/>\nMinisterio de Trabajo brinda adem\u00e1s a las personas interesadas<br \/>\nservicios gratuitos de test laborales, talleres de orientaci\u00f3n y de<br \/>\nhabilidades blandas. Ayudan a los buscadores de empleo a mejorar sus<br \/>\nposibilidades de obtener trabajo conforme a su formaci\u00f3n. En los<br \/>\ntalleres que son desarrollados por los funcionarios profesionales de<br \/>\ncada \u00e1rea, reciben todas las herramientas necesarias para la<br \/>\ninserci\u00f3n en el mercado laboral.<br \/>\n<\/span><\/p>\n<p style=\"text-align: justify\"><strong><span style=\"font-size: 16px\">CAPACITACI\u00d3N<\/span><\/strong><\/p>\n<p style=\"text-align: justify\"><span style=\"font-size: 16px\">El<br \/>\nMinisterio de Trabajo cuenta adem\u00e1s con cursos de capacitaci\u00f3n<br \/>\nlaboral a trav\u00e9s de sus entes, el Servicio Nacional de Promoci\u00f3n<br \/>\nProfesional (SNPP), Sistema Nacional de Formaci\u00f3n y Capacitaci\u00f3n<br \/>\nLaboral (Sinafocal) y el Centro de Entrenamiento del Emprendedor<br \/>\n(CEE). M\u00e1s de 8.500 cursos fueron programados para el presente a\u00f1o,<br \/>\npara la formaci\u00f3n de la fuerza laboral en distintas \u00e1reas de la<br \/>\nactividad econ\u00f3mica del pa\u00eds.<br \/>\n<\/span><\/p>\n<p style=\"text-align: justify\"><span style=\"font-size: 16px\">El<br \/>\npasado viernes, la ministra<br \/>\nde Trabajo, Carla Bacigalupo, habilit\u00f3 una<br \/>\nescuela de formaci\u00f3n en el<br \/>\nshopping del Este, donde se impartir\u00e1n cursos de oratoria,<br \/>\nmarketing, idioma portugu\u00e9s, inform\u00e1tica (word y excel). El<br \/>\nprop\u00f3sito es formar a j\u00f3venes para trabajar en ventas en el sector<br \/>\ncomercial en la capital del<br \/>\ndepartamento del Alto Paran\u00e1.<\/span><\/p>\n","protected":false},"excerpt":{"rendered":"<p>El Ministerio de Trabajo, Empleo y Seguridad Social (MTESS) tiene disponible 380 vacancias laborales, principalmente puestos para vendedores en diferentes modalidades, en empresas del sector privado, situadas en la capital del pa\u00eds, Asunci\u00f3n, y en otras localidades del interior de la rep\u00fablica.<\/p>\n","protected":false},"author":7,"featured_media":27213,"comment_status":"open","ping_status":"open","sticky":false,"template":"","format":"standard","meta":{"_acf_changed":false,"_uag_custom_page_level_css":"","footnotes":""},"categories":[1],"tags":[],"class_list":["post-7142","post","type-post","status-publish","format-standard","has-post-thumbnail","hentry","category-sin-categoria"],"acf":[],"uagb_featured_image_src":{"full":["https:\/\/www.mtess.gov.py\/wp-content\/uploads\/2022\/08\/Vacancias_laborales_22-08-22-6.jpg",1080,1080,false],"thumbnail":["https:\/\/www.mtess.gov.py\/wp-content\/uploads\/2022\/08\/Vacancias_laborales_22-08-22-6-150x150.jpg",150,150,true],"medium":["https:\/\/www.mtess.gov.py\/wp-content\/uploads\/2022\/08\/Vacancias_laborales_22-08-22-6-300x300.jpg",300,300,true],"medium_large":["https:\/\/www.mtess.gov.py\/wp-content\/uploads\/2022\/08\/Vacancias_laborales_22-08-22-6-768x768.jpg",768,768,true],"large":["https:\/\/www.mtess.gov.py\/wp-content\/uploads\/2022\/08\/Vacancias_laborales_22-08-22-6-300x300.jpg",300,300,true],"1536x1536":["https:\/\/www.mtess.gov.py\/wp-content\/uploads\/2022\/08\/Vacancias_laborales_22-08-22-6.jpg",1080,1080,false],"2048x2048":["https:\/\/www.mtess.gov.py\/wp-content\/uploads\/2022\/08\/Vacancias_laborales_22-08-22-6.jpg",1080,1080,false],"depicter-thumbnail":["https:\/\/www.mtess.gov.py\/wp-content\/uploads\/2022\/08\/Vacancias_laborales_22-08-22-6.jpg",200,200,false]},"uagb_author_info":{"display_name":"Lucas Santacruz","author_link":"https:\/\/www.mtess.gov.py\/?author=7"},"uagb_comment_info":0,"uagb_excerpt":"El Ministerio de Trabajo, Empleo y Seguridad Social (MTESS) tiene disponible 380 vacancias laborales, principalmente puestos para vendedores en diferentes modalidades, en empresas del sector privado, situadas en la capital del pa\u00eds, Asunci\u00f3n, y en otras localidades del interior de la rep\u00fablica.","_links":{"self":[{"href":"https:\/\/www.mtess.gov.py\/index.php?rest_route=\/wp\/v2\/posts\/7142","targetHints":{"allow":["GET"]}}],"collection":[{"href":"https:\/\/www.mtess.gov.py\/index.php?rest_route=\/wp\/v2\/posts"}],"about":[{"href":"https:\/\/www.mtess.gov.py\/index.php?rest_route=\/wp\/v2\/types\/post"}],"author":[{"embeddable":true,"href":"https:\/\/www.mtess.gov.py\/index.php?rest_route=\/wp\/v2\/users\/7"}],"replies":[{"embeddable":true,"href":"https:\/\/www.mtess.gov.py\/index.php?rest_route=%2Fwp%2Fv2%2Fcomments&post=7142"}],"version-history":[{"count":0,"href":"https:\/\/www.mtess.gov.py\/index.php?rest_route=\/wp\/v2\/posts\/7142\/revisions"}],"wp:featuredmedia":[{"embeddable":true,"href":"https:\/\/www.mtess.gov.py\/index.php?rest_route=\/wp\/v2\/media\/27213"}],"wp:attachment":[{"href":"https:\/\/www.mtess.gov.py\/index.php?rest_route=%2Fwp%2Fv2%2Fmedia&parent=7142"}],"wp:term":[{"taxonomy":"category","embeddable":true,"href":"https:\/\/www.mtess.gov.py\/index.php?rest_route=%2Fwp%2Fv2%2Fcategories&post=7142"},{"taxonomy":"post_tag","embeddable":true,"href":"https:\/\/www.mtess.gov.py\/index.php?rest_route=%2Fwp%2Fv2%2Ftags&post=7142"}],"curies":[{"name":"wp","href":"https:\/\/api.w.org\/{rel}","templated":true}]}}