{"id":7601,"date":"2021-08-11T13:11:00","date_gmt":"2021-08-11T17:11:00","guid":{"rendered":"https:\/\/bi.mtess.gov.py\/v1\/?p=7601"},"modified":"2021-08-11T13:11:00","modified_gmt":"2021-08-11T17:11:00","slug":"ministerio-de-trabajo-participo-de-conferencia-internacional-sobre-cualificacion-profesional","status":"publish","type":"post","link":"https:\/\/www.mtess.gov.py\/?p=7601","title":{"rendered":"Ministerio de Trabajo particip\u00f3 de conferencia internacional sobre cualificaci\u00f3n profesional"},"content":{"rendered":"<p style=\"text-align: justify\"><span style=\"font-size: 16px\">El licenciado David Cano, en<br \/>\nrepresentaci\u00f3n del Mtess form\u00f3 parte de evento del que participaron<br \/>\nrepresentantes de varios pa\u00edses. El Marco de Cualificaciones (MC) es<br \/>\nuna estructura de ordenaci\u00f3n o clasificaci\u00f3n de las Cualificaciones<br \/>\npor niveles. Corresponde a una ordenaci\u00f3n jer\u00e1rquica que va desde<br \/>\nlas cualificaciones m\u00e1s elementales, hasta las m\u00e1s complejas. La<br \/>\ncantidad de niveles depende de los consensos que se establecen en<br \/>\ncada caso. No obstante, tienden a expresarse en un rango de cinco a<br \/>\nocho niveles en general.<\/span><\/p>\n<p style=\"text-align: justify\"><span style=\"font-size: 16px\">De<br \/>\neste modo, el MC es una representaci\u00f3n formal en que se reflejan los<br \/>\nniveles de cualificaci\u00f3n definidos a nivel de un pa\u00eds, regi\u00f3n o<br \/>\nsector, en su ordenamiento jer\u00e1rquico. Cada uno de estos niveles es<br \/>\ncaracterizado mediante distintos descriptores, que es la enumeraci\u00f3n<br \/>\nde los tipos de competencias asociadas a cada nivel.<\/span><\/p>\n<p style=\"text-align: justify\"><span style=\"font-size: 16px\">Estuvo<br \/>\ncargo de Manuel Souto Otero, investigador por la Universidad de<br \/>\nCardiff, interesado en el an\u00e1lisis y evaluaci\u00f3n de las pol\u00edticas<br \/>\np\u00fablicas educativas, quien ha centrado su trabajo entorno a la<br \/>\neducaci\u00f3n postobligatoria.<\/span><\/p>\n<p style=\"text-align: justify\"><\/p>\n","protected":false},"excerpt":{"rendered":"<p>La Direcci\u00f3n del Centro Tecnol\u00f3gico del Servicio Nacional de Promoci\u00f3n Profesional (SNPP), dependiente del Ministerio de Trabajo, Empleo y Seguridad Social (Mtess) particip\u00f3 de la conferencia internacional organizada por la Organizaci\u00f3n Internacional del Trabajo (OIT)- Cinterfor, denominada \u00abMarcos Regionales de Cualificaci\u00f3n Profesional\u00bb.<\/p>\n","protected":false},"author":7,"featured_media":20983,"comment_status":"open","ping_status":"open","sticky":false,"template":"","format":"standard","meta":{"_acf_changed":false,"_uag_custom_page_level_css":"","footnotes":""},"categories":[1],"tags":[],"class_list":["post-7601","post","type-post","status-publish","format-standard","has-post-thumbnail","hentry","category-sin-categoria"],"acf":[],"uagb_featured_image_src":{"full":["https:\/\/www.mtess.gov.py\/wp-content\/uploads\/2021\/08\/Foto_de_David_Cano_11-08-21.jpg",982,663,false],"thumbnail":["https:\/\/www.mtess.gov.py\/wp-content\/uploads\/2021\/08\/Foto_de_David_Cano_11-08-21-150x150.jpg",150,150,true],"medium":["https:\/\/www.mtess.gov.py\/wp-content\/uploads\/2021\/08\/Foto_de_David_Cano_11-08-21-300x203.jpg",300,203,true],"medium_large":["https:\/\/www.mtess.gov.py\/wp-content\/uploads\/2021\/08\/Foto_de_David_Cano_11-08-21-768x519.jpg",768,519,true],"large":["https:\/\/www.mtess.gov.py\/wp-content\/uploads\/2021\/08\/Foto_de_David_Cano_11-08-21-300x203.jpg",300,203,true],"1536x1536":["https:\/\/www.mtess.gov.py\/wp-content\/uploads\/2021\/08\/Foto_de_David_Cano_11-08-21.jpg",982,663,false],"2048x2048":["https:\/\/www.mtess.gov.py\/wp-content\/uploads\/2021\/08\/Foto_de_David_Cano_11-08-21.jpg",982,663,false],"depicter-thumbnail":["https:\/\/www.mtess.gov.py\/wp-content\/uploads\/2021\/08\/Foto_de_David_Cano_11-08-21.jpg",200,135,false]},"uagb_author_info":{"display_name":"Lucas Santacruz","author_link":"https:\/\/www.mtess.gov.py\/?author=7"},"uagb_comment_info":0,"uagb_excerpt":"La Direcci\u00f3n del Centro Tecnol\u00f3gico del Servicio Nacional de Promoci\u00f3n Profesional (SNPP), dependiente del Ministerio de Trabajo, Empleo y Seguridad Social (Mtess) particip\u00f3 de la conferencia internacional organizada por la Organizaci\u00f3n Internacional del Trabajo (OIT)- Cinterfor, denominada \"Marcos Regionales de Cualificaci\u00f3n Profesional\".","_links":{"self":[{"href":"https:\/\/www.mtess.gov.py\/index.php?rest_route=\/wp\/v2\/posts\/7601","targetHints":{"allow":["GET"]}}],"collection":[{"href":"https:\/\/www.mtess.gov.py\/index.php?rest_route=\/wp\/v2\/posts"}],"about":[{"href":"https:\/\/www.mtess.gov.py\/index.php?rest_route=\/wp\/v2\/types\/post"}],"author":[{"embeddable":true,"href":"https:\/\/www.mtess.gov.py\/index.php?rest_route=\/wp\/v2\/users\/7"}],"replies":[{"embeddable":true,"href":"https:\/\/www.mtess.gov.py\/index.php?rest_route=%2Fwp%2Fv2%2Fcomments&post=7601"}],"version-history":[{"count":0,"href":"https:\/\/www.mtess.gov.py\/index.php?rest_route=\/wp\/v2\/posts\/7601\/revisions"}],"wp:featuredmedia":[{"embeddable":true,"href":"https:\/\/www.mtess.gov.py\/index.php?rest_route=\/wp\/v2\/media\/20983"}],"wp:attachment":[{"href":"https:\/\/www.mtess.gov.py\/index.php?rest_route=%2Fwp%2Fv2%2Fmedia&parent=7601"}],"wp:term":[{"taxonomy":"category","embeddable":true,"href":"https:\/\/www.mtess.gov.py\/index.php?rest_route=%2Fwp%2Fv2%2Fcategories&post=7601"},{"taxonomy":"post_tag","embeddable":true,"href":"https:\/\/www.mtess.gov.py\/index.php?rest_route=%2Fwp%2Fv2%2Ftags&post=7601"}],"curies":[{"name":"wp","href":"https:\/\/api.w.org\/{rel}","templated":true}]}}