{"id":7603,"date":"2021-08-10T16:02:00","date_gmt":"2021-08-10T20:02:00","guid":{"rendered":"https:\/\/bi.mtess.gov.py\/v1\/?p=7603"},"modified":"2021-08-10T16:02:00","modified_gmt":"2021-08-10T20:02:00","slug":"ministerio-de-trabajo-y-la-asociacion-rural-del-paraguay-capacitaran-para-el-empleo-en-el-area-ganadera","status":"publish","type":"post","link":"https:\/\/www.mtess.gov.py\/?p=7603","title":{"rendered":"Ministerio de Trabajo y la Asociaci\u00f3n Rural del Paraguay capacitar\u00e1n para el empleo en el \u00e1rea ganadera"},"content":{"rendered":"<p style=\"text-align: justify\"><span style=\"font-size: 16px\">Ambas instituciones buscan<br \/>\nimpulsar la incorporaci\u00f3n de habilidades fundamentales que se<br \/>\nnecesitan en la actualidad en el exigente mercado laboral, que<br \/>\ncontribuyan al desarrollo profesional y personal, principalmente de<br \/>\nlos j\u00f3venes, que posibiliten conseguir un empleo formal o realizar<br \/>\nsus propios emprendimientos rentables. <\/span><\/p>\n<p style=\"text-align: justify\"><span style=\"font-size: 16px\"><br \/>\nEl Ministerio de Trabajo<br \/>\ny la Asociaci\u00f3n Rural del Paraguay acordaron desarrollar proyectos y<br \/>\nprogramas t\u00e9cnicos y pedag\u00f3gicos, de investigaci\u00f3n, que promuevan<br \/>\nla empleabilidad de los j\u00f3venes. Igualmente, mediante esta alianza<br \/>\ncontribuir\u00e1n al fortalecimiento del capital humano a trav\u00e9s de la<br \/>\nejecuci\u00f3n del proyecto denominado \u201cFortalecimiento de las<br \/>\ncapacidades de los socios y colaboradores de la Asociaci\u00f3n Rural del<br \/>\nParaguay\u201d.<br \/>\n<\/span><\/p>\n<p style=\"text-align: justify\"><span style=\"font-size: 16px\">En<br \/>\nla ma\u00f1ana de hoy se realiz\u00f3 una ceremonia en la sede de la<br \/>\nAsociaci\u00f3n Rural del Paraguay, en el sal\u00f3n Germ\u00e1n Ruiz Aveiro,<br \/>\npara la firma de un convenio marco y uno espec\u00edfico para la<br \/>\nrealizaci\u00f3n de los emprendimientos conjuntos. Los documentos fueron<br \/>\nfirmados por la ministra de Trabajo, Carla Bacigalupo; el presidente<br \/>\nde la Asociaci\u00f3n Rural del Paraguay, Pedro Galli Roma\u00f1ach, el<br \/>\nsecretario t\u00e9cnico del Sinafocal, Alfredo Mongel\u00f3s;  Mario Lino<br \/>\nApodaca, y como testigo de honor, Arnaldo Decoud, representante de la<br \/>\nARP en Sinafocal.<\/span><\/p>\n<p style=\"text-align: justify\"><span style=\"font-size: 16px\">Durante<br \/>\nel evento, la ministra de Trabajo, Carla Bacigalupo, manifest\u00f3 que<br \/>\nla alianza con la ARP permitir\u00e1 atender la demanda de capacitaci\u00f3n<br \/>\nen este sector de la producci\u00f3n agropecuaria, con cursos espec\u00edficos<br \/>\nque propicien el crecimiento de la cadena de valor en esta \u00e1rea y<br \/>\nque a la vez generen nuevos empleos.<\/span><\/p>\n<p style=\"text-align: justify\"><span style=\"font-size: 16px\">Por<br \/>\nsu parte, el presidente de la ARP, Pedro Galli Roma\u00f1ach, se\u00f1al\u00f3<br \/>\nque la firma del acuerdo con la cartera de Estado ayudar\u00e1 a mejorar<br \/>\nla preparaci\u00f3n de las personas vinculadas al trabajo del gremio<br \/>\nganadero. \u201cLa capacitaci\u00f3n en inseminaci\u00f3n artificial estoy<br \/>\nseguro va ser el puntapi\u00e9 inicial nada m\u00e1s de una serie de<br \/>\nproyectos de capacitaci\u00f3n en todos los niveles y en todas las<br \/>\n\u00e1reas\u201d, manifest\u00f3 el titular de la ARP.<\/span><\/p>\n","protected":false},"excerpt":{"rendered":"<p>El Ministerio de Trabajo, Empleo y Seguridad Social (Mtess) a trav\u00e9s del Sistema Nacional de Formaci\u00f3n y Capacitaci\u00f3n Laboral (Sinafocal) y la Asociaci\u00f3n Rural del Paraguay (ARP), realizar\u00e1n actividades conjuntas para promover capacitaci\u00f3n laboral de j\u00f3venes y adultos para brindarles nuevas herramientas para la inserci\u00f3n al mercado de trabajo, sobre en el \u00e1rea ganadera.<\/p>\n","protected":false},"author":7,"featured_media":0,"comment_status":"open","ping_status":"open","sticky":false,"template":"","format":"standard","meta":{"_acf_changed":false,"_uag_custom_page_level_css":"","footnotes":""},"categories":[1],"tags":[],"class_list":["post-7603","post","type-post","status-publish","format-standard","hentry","category-sin-categoria"],"acf":[],"uagb_featured_image_src":{"full":false,"thumbnail":false,"medium":false,"medium_large":false,"large":false,"1536x1536":false,"2048x2048":false,"depicter-thumbnail":false},"uagb_author_info":{"display_name":"Lucas Santacruz","author_link":"https:\/\/www.mtess.gov.py\/?author=7"},"uagb_comment_info":0,"uagb_excerpt":"El Ministerio de Trabajo, Empleo y Seguridad Social (Mtess) a trav\u00e9s del Sistema Nacional de Formaci\u00f3n y Capacitaci\u00f3n Laboral (Sinafocal) y la Asociaci\u00f3n Rural del Paraguay (ARP), realizar\u00e1n actividades conjuntas para promover capacitaci\u00f3n laboral de j\u00f3venes y adultos para brindarles nuevas herramientas para la inserci\u00f3n al mercado de trabajo, sobre en el \u00e1rea ganadera.","_links":{"self":[{"href":"https:\/\/www.mtess.gov.py\/index.php?rest_route=\/wp\/v2\/posts\/7603","targetHints":{"allow":["GET"]}}],"collection":[{"href":"https:\/\/www.mtess.gov.py\/index.php?rest_route=\/wp\/v2\/posts"}],"about":[{"href":"https:\/\/www.mtess.gov.py\/index.php?rest_route=\/wp\/v2\/types\/post"}],"author":[{"embeddable":true,"href":"https:\/\/www.mtess.gov.py\/index.php?rest_route=\/wp\/v2\/users\/7"}],"replies":[{"embeddable":true,"href":"https:\/\/www.mtess.gov.py\/index.php?rest_route=%2Fwp%2Fv2%2Fcomments&post=7603"}],"version-history":[{"count":0,"href":"https:\/\/www.mtess.gov.py\/index.php?rest_route=\/wp\/v2\/posts\/7603\/revisions"}],"wp:attachment":[{"href":"https:\/\/www.mtess.gov.py\/index.php?rest_route=%2Fwp%2Fv2%2Fmedia&parent=7603"}],"wp:term":[{"taxonomy":"category","embeddable":true,"href":"https:\/\/www.mtess.gov.py\/index.php?rest_route=%2Fwp%2Fv2%2Fcategories&post=7603"},{"taxonomy":"post_tag","embeddable":true,"href":"https:\/\/www.mtess.gov.py\/index.php?rest_route=%2Fwp%2Fv2%2Ftags&post=7603"}],"curies":[{"name":"wp","href":"https:\/\/api.w.org\/{rel}","templated":true}]}}