{"id":7605,"date":"2021-08-09T18:39:00","date_gmt":"2021-08-09T22:39:00","guid":{"rendered":"https:\/\/bi.mtess.gov.py\/v1\/?p=7605"},"modified":"2021-08-09T18:39:00","modified_gmt":"2021-08-09T22:39:00","slug":"ministerio-de-trabajo-capacita-a-jovenes-y-adultos-para-emplearse-en-la-construccion-de-la-franja-costanera-sur-en-alianza-con-el-mopc","status":"publish","type":"post","link":"https:\/\/www.mtess.gov.py\/?p=7605","title":{"rendered":"Ministerio de Trabajo capacita a j\u00f3venes y adultos para emplearse en la construcci\u00f3n de la franja costanera sur, en alianza con el MOPC"},"content":{"rendered":"<p style=\"text-align: justify\"><span style=\"font-size: 16px\">Las acciones conjuntas de las<br \/>\ncarteras de Estado tiene como fin promover la capacitaci\u00f3n e<br \/>\ninserci\u00f3n laboral de la poblaci\u00f3n en el marco de la obra que lleva<br \/>\nadelante el Gobierno. Las capacitaciones estar\u00e1n a cargo del<br \/>\nServicio Nacional de Promoci\u00f3n Profesional (SNPP), y el Sistema<br \/>\nNacional de Formaci\u00f3n y Capacitaci\u00f3n Laboral, dependientes del<br \/>\nMtess.<\/span><\/p>\n<p style=\"text-align: justify\"><span style=\"font-size: 16px\">A<br \/>\ntrav\u00e9s de estos cursos de capacitaci\u00f3n gratuita se contribuir\u00e1 con<br \/>\nel desarrollo de la zona del Ba\u00f1ado, Tacumb\u00fa, en el contexto de la<br \/>\nconstrucci\u00f3n de la Franja Costera Sur, posibilitando a que las<br \/>\npersonas de escasos recursos y en situaci\u00f3n de vulnerabilidad puedan<br \/>\nencontrar mejores oportunidades laborales para acceder a una vida<br \/>\ndigna.<\/span><\/p>\n<p style=\"text-align: justify\"><span style=\"font-size: 16px\">En<br \/>\nla tarde de hoy firmaron un nuevo convenio de cooperaci\u00f3n la<br \/>\nministra de Trabajo, Carla Bacigalupo; el ministro de Obras P\u00fablicas,<br \/>\nArnoldo Wiens; Alfredo Mongelos, secretario t\u00e9cnico de Sinafocal;<br \/>\nAddis Merlo de Maciel, directora general del SNPP, y el padre Pedro<br \/>\nVelasco, responsable legal del  Centro de Ayuda Mutua Salud para<br \/>\nTodos (Camsat). La ceremonia para la firma del documento se realiz\u00f3<br \/>\nen la sede del Ministerio de Obras P\u00fablicas y de la misma<br \/>\nparticipaci\u00f3n tambi\u00e9n el viceministro de Empleo, Celso Riveros y el<br \/>\nviceministro de Obras P\u00fablicas, Ignacio G\u00f3mez, entre otras<br \/>\nautoridades.<br \/>\n<\/span><\/p>\n<p style=\"text-align: justify\"><span style=\"font-size: 16px\">Tanto<br \/>\nla ministra de Trabajo, Carla Bacigalupo y el de Obras p\u00fablicas,<br \/>\nArnoldo Wiens, resaltaron la importancia de la obra que lleva<br \/>\nadelante el Gobierno en una zona tan necesitada de la capital para<br \/>\ndar soluci\u00f3n definitiva a los problemas en el poblado a causa de la<br \/>\ninundaci\u00f3n. \u201cHoy mismo estamos iniciando manejo de tractor y<br \/>\nma\u00f1ana se suma manejo de pala cargadora a trav\u00e9s de aulas m\u00f3viles<br \/>\ny simuladores de alta tecnolog\u00eda; tambi\u00e9n ya tenemos cursos<br \/>\noperativos de Sinafocal. Esta semana tambi\u00e9n se suma curso de<br \/>\nseguridad y salud ocupacional, altamente requerido por las empresas y<br \/>\ntambi\u00e9n otros cursos como de habilidades blandas\u201d, inform\u00f3 la<br \/>\nministra durante el acto.<\/span><\/p>\n<p style=\"text-align: justify\"><strong><span style=\"font-size: 16px\">BA\u00d1ADO<br \/>\nSUR CRECE<\/span><\/strong><\/p>\n<p style=\"text-align: justify\"><span style=\"font-size: 16px\">\u201cBa\u00f1ado<br \/>\nSur Crece\u201d es una iniciativa del Ministerio de Trabajo, y las<br \/>\nacciones formativas se realizar\u00e1n en los turnos tarde y noche desde<br \/>\neste lunes en la sede de Camsat. El proyecto tiene cuatro<br \/>\ncomponentes: capacitaci\u00f3n, intermediaci\u00f3n laboral, emprendedurismo<br \/>\ny asesoramiento integral sobre derechos laborales.<\/span><\/p>\n","protected":false},"excerpt":{"rendered":"<p>El Ministerio del Trabajo, Empleo y Seguridad Social (Mtess) brindar\u00e1 cursos de capacitaci\u00f3n a los pobladores del barrio Tacumb\u00fa de Asunci\u00f3n, en el marco del proyecto \u201cBa\u00f1ado Sur Crece\u201d, al que se suma el Ministerio de Obras P\u00fablicas y Comunicaciones (MOPC), con el objetivo de impulsar la incorporaci\u00f3n de habilidades, conocimientos y destrezas fundamentales que contribuyan al desarrollo profesional y posibiliten la inserci\u00f3n laboral de los habitantes de esta zona de la capital del pa\u00eds, en la construcci\u00f3n de la Franja Costanera Sur.<\/p>\n","protected":false},"author":7,"featured_media":0,"comment_status":"open","ping_status":"open","sticky":false,"template":"","format":"standard","meta":{"_acf_changed":false,"_uag_custom_page_level_css":"","footnotes":""},"categories":[1],"tags":[],"class_list":["post-7605","post","type-post","status-publish","format-standard","hentry","category-sin-categoria"],"acf":[],"uagb_featured_image_src":{"full":false,"thumbnail":false,"medium":false,"medium_large":false,"large":false,"1536x1536":false,"2048x2048":false,"depicter-thumbnail":false},"uagb_author_info":{"display_name":"Lucas Santacruz","author_link":"https:\/\/www.mtess.gov.py\/?author=7"},"uagb_comment_info":0,"uagb_excerpt":"El Ministerio del Trabajo, Empleo y Seguridad Social (Mtess) brindar\u00e1 cursos de capacitaci\u00f3n a los pobladores del barrio Tacumb\u00fa de Asunci\u00f3n, en el marco del proyecto \u201cBa\u00f1ado Sur Crece\u201d, al que se suma el Ministerio de Obras P\u00fablicas y Comunicaciones (MOPC), con el objetivo de impulsar la incorporaci\u00f3n de habilidades, conocimientos y destrezas fundamentales que&hellip;","_links":{"self":[{"href":"https:\/\/www.mtess.gov.py\/index.php?rest_route=\/wp\/v2\/posts\/7605","targetHints":{"allow":["GET"]}}],"collection":[{"href":"https:\/\/www.mtess.gov.py\/index.php?rest_route=\/wp\/v2\/posts"}],"about":[{"href":"https:\/\/www.mtess.gov.py\/index.php?rest_route=\/wp\/v2\/types\/post"}],"author":[{"embeddable":true,"href":"https:\/\/www.mtess.gov.py\/index.php?rest_route=\/wp\/v2\/users\/7"}],"replies":[{"embeddable":true,"href":"https:\/\/www.mtess.gov.py\/index.php?rest_route=%2Fwp%2Fv2%2Fcomments&post=7605"}],"version-history":[{"count":0,"href":"https:\/\/www.mtess.gov.py\/index.php?rest_route=\/wp\/v2\/posts\/7605\/revisions"}],"wp:attachment":[{"href":"https:\/\/www.mtess.gov.py\/index.php?rest_route=%2Fwp%2Fv2%2Fmedia&parent=7605"}],"wp:term":[{"taxonomy":"category","embeddable":true,"href":"https:\/\/www.mtess.gov.py\/index.php?rest_route=%2Fwp%2Fv2%2Fcategories&post=7605"},{"taxonomy":"post_tag","embeddable":true,"href":"https:\/\/www.mtess.gov.py\/index.php?rest_route=%2Fwp%2Fv2%2Ftags&post=7605"}],"curies":[{"name":"wp","href":"https:\/\/api.w.org\/{rel}","templated":true}]}}