{"id":7608,"date":"2021-08-06T19:00:00","date_gmt":"2021-08-06T23:00:00","guid":{"rendered":"https:\/\/bi.mtess.gov.py\/v1\/?p=7608"},"modified":"2021-08-06T19:00:00","modified_gmt":"2021-08-06T23:00:00","slug":"buscan-generar-mayores-oportunidades-laborales-a-los-buscadores-de-empleo","status":"publish","type":"post","link":"https:\/\/www.mtess.gov.py\/?p=7608","title":{"rendered":"Buscan generar mayores oportunidades laborales a los buscadores de empleo"},"content":{"rendered":"<p style=\"text-align: justify\"><span style=\"font-size: 16px\">El encuentro se realiz\u00f3 en la sede del Viceministerio de Empleo, del<br \/>\nque participaron tambi\u00e9n el director de Gabinete, Alfredo Ib\u00e1\u00f1ez;<br \/>\nla coordinadora de Proyectos y Enlace Interinstitucional, Melissa<br \/>\nLacasa. Entre otros temas conversados, tambi\u00e9n decidieron seguir<br \/>\npotenciando a los emprendedores del Centro de Entrenamiento del<br \/>\nEmprendedor (CEE) de la cartera de Estado y captar nuevos talentos en<br \/>\nconjunto con los industriales del pa\u00eds.<\/span><\/p>\n<p><strong><span style=\"font-size: 16px\">SAPE\u2019A 2.0<\/span><\/strong><\/p>\n<p><span style=\"font-size: 16px\">Por otro lado, en el<br \/>\nViceministerio de Empleo tambi\u00e9n se realiz\u00f3 una reuni\u00f3n con<br \/>\nrepresentantes de Plan Internacional y el programa Sape\u2019a 2.0, que<br \/>\nes un proyecto en convenio con el Ministerio de Trabajo, Empleo y<br \/>\nSeguridad Social (Mtess) y financiado por la Agencia Espa\u00f1ola de<br \/>\nCooperaci\u00f3n Internacional para el desarrollo (Aecid). Participaron<br \/>\nel viceministro, Celso Riveros; el director de Gabinete Alfredo<br \/>\nIba\u00f1ez; la coordinadora de Proyectos y Enlace Interinstitucional,<br \/>\nMelissa Lacasa; Andrea Echauri y Laura Amarilla, representantes de<br \/>\nPlan Internacional.<br \/>\n<\/span><\/p>\n<p><span style=\"font-size: 16px\">El objetivo de la<br \/>\nreuni\u00f3n es potenciar a los j\u00f3venes entre 18 a 29 a\u00f1os del pa\u00eds en<br \/>\nla b\u00fasqueda e inserci\u00f3n en el primer empleo, a trav\u00e9s de las<br \/>\nnuevas modalidades contractuales lanzadas desde el Ministerio de<br \/>\nTrabajo que son: pasant\u00edas laborales, contrato de practicante,<br \/>\ncontrato de aprendiz, contrato laboral, dando as\u00ed opciones a los<br \/>\nj\u00f3venes de acceder a un empleo adaptado a su perfil y ofreciendo a<br \/>\nlos empleadores la oportunidad de captar nuevos talentos para sus<br \/>\nempresas.<br \/>\n<\/span><\/p>\n<p><strong><span style=\"font-size: 16px\">EMPRESAS B<\/span><\/strong><\/p>\n<p><span style=\"font-size: 16px\">Asimismo, el<br \/>\nviceministro de Empleo, Celso Riveros, se reuni\u00f3 con Andrea Burt,<br \/>\ndirectora Ejecutiva de las empresas B en Paraguay, tambi\u00e9n con la<br \/>\npresencia del director de Gabinete Alfredo Ib\u00e1\u00f1ez; la coordinadora<br \/>\nde Proyectos y Enlace Interinstitucional, Melissa Lacasa. El<br \/>\nencuentro tuvo como objetivo articular un enlace interinstitucional<br \/>\nentre las empresas B y el Viceministerio para emplear a los<br \/>\nbuscadores de empleo dentro de estas firmas, que asegure el buen<br \/>\ntrato y las ganas de mejorar la calidad de vida de sus colaboradores,<br \/>\nuno de los fines de la Certificaci\u00f3n B. Pondr\u00e1n en marcha una serie<br \/>\nde acciones en conjunto dentro del marco del plan de reactivaci\u00f3n<br \/>\ndel empleo.<\/span><\/p>\n","protected":false},"excerpt":{"rendered":"<p>El viceministro de Empleo y Seguridad Social del Ministerio de Trabajo, Celso Riveros, mantuvo una reuni\u00f3n con el presidente de la Uni\u00f3n Industrial Paraguaya (UIP), Enrique Duarte, con el objetivo de crear alianza estrat\u00e9gica entre el Viceministerio de Empleo y el sector industrial, para generar oportunidades laborales a los buscadores de trabajo en el marco del plan de reactivaci\u00f3n del empleo.<\/p>\n","protected":false},"author":7,"featured_media":0,"comment_status":"open","ping_status":"open","sticky":false,"template":"","format":"standard","meta":{"_acf_changed":false,"_uag_custom_page_level_css":"","footnotes":""},"categories":[1],"tags":[],"class_list":["post-7608","post","type-post","status-publish","format-standard","hentry","category-sin-categoria"],"acf":[],"uagb_featured_image_src":{"full":false,"thumbnail":false,"medium":false,"medium_large":false,"large":false,"1536x1536":false,"2048x2048":false,"depicter-thumbnail":false},"uagb_author_info":{"display_name":"Lucas Santacruz","author_link":"https:\/\/www.mtess.gov.py\/?author=7"},"uagb_comment_info":0,"uagb_excerpt":"El viceministro de Empleo y Seguridad Social del Ministerio de Trabajo, Celso Riveros, mantuvo una reuni\u00f3n con el presidente de la Uni\u00f3n Industrial Paraguaya (UIP), Enrique Duarte, con el objetivo de crear alianza estrat\u00e9gica entre el Viceministerio de Empleo y el sector industrial, para generar oportunidades laborales a los buscadores de trabajo en el marco&hellip;","_links":{"self":[{"href":"https:\/\/www.mtess.gov.py\/index.php?rest_route=\/wp\/v2\/posts\/7608","targetHints":{"allow":["GET"]}}],"collection":[{"href":"https:\/\/www.mtess.gov.py\/index.php?rest_route=\/wp\/v2\/posts"}],"about":[{"href":"https:\/\/www.mtess.gov.py\/index.php?rest_route=\/wp\/v2\/types\/post"}],"author":[{"embeddable":true,"href":"https:\/\/www.mtess.gov.py\/index.php?rest_route=\/wp\/v2\/users\/7"}],"replies":[{"embeddable":true,"href":"https:\/\/www.mtess.gov.py\/index.php?rest_route=%2Fwp%2Fv2%2Fcomments&post=7608"}],"version-history":[{"count":0,"href":"https:\/\/www.mtess.gov.py\/index.php?rest_route=\/wp\/v2\/posts\/7608\/revisions"}],"wp:attachment":[{"href":"https:\/\/www.mtess.gov.py\/index.php?rest_route=%2Fwp%2Fv2%2Fmedia&parent=7608"}],"wp:term":[{"taxonomy":"category","embeddable":true,"href":"https:\/\/www.mtess.gov.py\/index.php?rest_route=%2Fwp%2Fv2%2Fcategories&post=7608"},{"taxonomy":"post_tag","embeddable":true,"href":"https:\/\/www.mtess.gov.py\/index.php?rest_route=%2Fwp%2Fv2%2Ftags&post=7608"}],"curies":[{"name":"wp","href":"https:\/\/api.w.org\/{rel}","templated":true}]}}