{"id":7609,"date":"2021-08-06T17:11:00","date_gmt":"2021-08-06T21:11:00","guid":{"rendered":"https:\/\/bi.mtess.gov.py\/v1\/?p=7609"},"modified":"2021-08-06T17:11:00","modified_gmt":"2021-08-06T21:11:00","slug":"ministra-de-trabajo-presento-plan-de-reactivacion-del-empleo-a-empresarios-del-departamento-de-itapua","status":"publish","type":"post","link":"https:\/\/www.mtess.gov.py\/?p=7609","title":{"rendered":"Ministra de Trabajo present\u00f3 Plan de Reactivaci\u00f3n del Empleo a empresarios del departamento de Itap\u00faa"},"content":{"rendered":"<p>Durante la reuni\u00f3n, que se realiz\u00f3 en un hotel ubicado en el sector de la Costanera de Encarnaci\u00f3n, la ministra Bacigalupo inform\u00f3 sobre los cursos que se est\u00e1n desarrollando y otros que se est\u00e1n lanzando a trav\u00e9s de los entes de capacitaci\u00f3n del Ministerio de Trabajo, como el Servicio Nacional de Promoci\u00f3n Profesional (SNPP), el Sistema Nacional de Formaci\u00f3n y Capacitaci\u00f3n Laboral (Sinafocal) y el Centro de Entrenamiento del Emprendedor (CEE), para formar mano de obra calificada para las empresas instaladas en Itap\u00faa.<\/p>\n<p>Asimismo, la ministra de Trabajo, escuch\u00f3 las propuestas de los empresarios que est\u00e1n con el deseo de volver de a poco a la normalidad laboral, cumpliendo con los protocolos sanitarios para evitar el contagio del COVID-19. En la ocasi\u00f3n, Bacigalupo brind\u00f3 detalles de las modalidades contractuales actuales para la contrataci\u00f3n de trabajadores, entre ellas contrato de aprendiz, a tiempo parcial, a tiempo determinado, a tiempo parcial, jornal, y pr\u00e1ctica laboral.<\/p>\n<p>La ministra de Trabajo, manifest\u00f3 que mediante las nuevas modalidades contractuales que dispone la cartera de Estado, se facilita la contrataci\u00f3n de j\u00f3venes estudiantes, para que puedan contar con ingresos econ\u00f3micos mientras adquieren nuevos conocimientos mediante la capacitaci\u00f3n.<\/p>\n<p>En la ocasi\u00f3n tambi\u00e9n present\u00f3 un amplio informe de las pol\u00edticas laborales impulsadas por el Gobierno, a trav\u00e9s del Ministerio de Trabajo, durante la pandemia por COVID-19. Brind\u00f3 detalles de las medidas adoptadas para la protecci\u00f3n de los trabajadores formales mediante subsidios pagados a trav\u00e9s del Instituto de Previsi\u00f3n Social (IPS), por suspensi\u00f3n de contratos, por aislamiento preventivo por COVID-19, subsidio a grupo de riesgo, as\u00ed como pago por reposo por COVID-19 positivo.<\/p>\n<p>Igualmente habl\u00f3 sobre la Estrategia Nacional de Formaci\u00f3n Profesional, a trav\u00e9s del SNPP y Sinafocal, para capacitar mano de obra calificada para los diferentes sectores econ\u00f3micos, incluyendo el emprendedurismo. Mencion\u00f3 que importantes impresas se est\u00e1n instalando en el pa\u00eds y generar\u00e1n miles de puestos de trabajo, por lo que la formaci\u00f3n para el trabajo se est\u00e1 realizando conforme a la demanda de puestos laborales, se\u00f1al\u00f3.<\/p>\n<p>MESA DE TRABAJO<\/p>\n<p>Durante la reuni\u00f3n se decidi\u00f3 conformar una mesa de trabajo con el sector empresarial para realizar acciones conjuntas en el marco del plan de capacitaci\u00f3n para el empleo. El prop\u00f3sito es implementar los cursos de formaci\u00f3n profesional en base a los trabajadores que necesitan las empresas. La ministra dijo que en este encuentro concluyeron que falta mano de obra calificada para generar 600 puestos laborales.<\/p>\n<p>PARTICIPANTES<\/p>\n<p>Formaron parte de la reuni\u00f3n con la ministra de Trabajo, Carla Bacigalupo, representantes de la C\u00e1mara de Comercio de Encarnaci\u00f3n, Asociaci\u00f3n de Hoteleros de Itap\u00faa, Asociaci\u00f3n de Gastron\u00f3micos de Encarnaci\u00f3n, Secretar\u00eda de Turismo de la municipalidad de Encarnaci\u00f3n, Superseis-retail, Awa Resort Hotel, Bristol, Radice (Shopping Costanera), Trociuk, Novo Rodeio, Vital Corporation, Red Maxi Farma, Inverfin, Alex SA, La Familia Supermercados, Yerba Selecta, y Diego Cabral, entre otros representantes.<\/p>\n<p>CONVENIO<\/p>\n<p>Por otro lado, tambi\u00e9n en la ma\u00f1ana de hoy, el Ministerio de Trabajo, Empleo y Seguridad Social (Mtess), firm\u00f3 un convenio de cooperaci\u00f3n interinstitucional con la municipalidad de San Cosme y Dami\u00e1n, cuyo objetivo es llevar adelante un programa de capacitaci\u00f3n de los pobladores en diversas \u00e1reas incluyendo emprendedurismo.<\/p>\n<p>En la ocasi\u00f3n se realiz\u00f3 el lanzamiento de cursos de operador de de excavadora hidr\u00e1ulica, panader\u00eda industrial y emprendedurismo. En la plaza municipal, los emprendedores expusieron variados productos.<\/p>\n","protected":false},"excerpt":{"rendered":"<p>La ministra de Trabajo, Carla Bacigalupo, en su segundo d\u00eda de actividades en el departamento de Itap\u00faa, en la ma\u00f1ana de hoy se reuni\u00f3 con empresarios de la zona para presentar el Plan de Reactivaci\u00f3n del Empleo, impulsado por el Gobierno a trav\u00e9s de la cartera de Estado, que busca dinamizar la actividad econ\u00f3mica en diferentes sectores, mediante la capacitaci\u00f3n del capital humano, emprendedurismo y la implementaci\u00f3n de las nuevas modalidades contractuales que pueden utilizar las empresas para la contrataci\u00f3n de trabajadores.<\/p>\n","protected":false},"author":7,"featured_media":0,"comment_status":"open","ping_status":"open","sticky":false,"template":"","format":"standard","meta":{"_acf_changed":false,"_uag_custom_page_level_css":"","footnotes":""},"categories":[1],"tags":[],"class_list":["post-7609","post","type-post","status-publish","format-standard","hentry","category-sin-categoria"],"acf":[],"uagb_featured_image_src":{"full":false,"thumbnail":false,"medium":false,"medium_large":false,"large":false,"1536x1536":false,"2048x2048":false,"depicter-thumbnail":false},"uagb_author_info":{"display_name":"Lucas Santacruz","author_link":"https:\/\/www.mtess.gov.py\/?author=7"},"uagb_comment_info":0,"uagb_excerpt":"La ministra de Trabajo, Carla Bacigalupo, en su segundo d\u00eda de actividades en el departamento de Itap\u00faa, en la ma\u00f1ana de hoy se reuni\u00f3 con empresarios de la zona para presentar el Plan de Reactivaci\u00f3n del Empleo, impulsado por el Gobierno a trav\u00e9s de la cartera de Estado, que busca dinamizar la actividad econ\u00f3mica en&hellip;","_links":{"self":[{"href":"https:\/\/www.mtess.gov.py\/index.php?rest_route=\/wp\/v2\/posts\/7609","targetHints":{"allow":["GET"]}}],"collection":[{"href":"https:\/\/www.mtess.gov.py\/index.php?rest_route=\/wp\/v2\/posts"}],"about":[{"href":"https:\/\/www.mtess.gov.py\/index.php?rest_route=\/wp\/v2\/types\/post"}],"author":[{"embeddable":true,"href":"https:\/\/www.mtess.gov.py\/index.php?rest_route=\/wp\/v2\/users\/7"}],"replies":[{"embeddable":true,"href":"https:\/\/www.mtess.gov.py\/index.php?rest_route=%2Fwp%2Fv2%2Fcomments&post=7609"}],"version-history":[{"count":0,"href":"https:\/\/www.mtess.gov.py\/index.php?rest_route=\/wp\/v2\/posts\/7609\/revisions"}],"wp:attachment":[{"href":"https:\/\/www.mtess.gov.py\/index.php?rest_route=%2Fwp%2Fv2%2Fmedia&parent=7609"}],"wp:term":[{"taxonomy":"category","embeddable":true,"href":"https:\/\/www.mtess.gov.py\/index.php?rest_route=%2Fwp%2Fv2%2Fcategories&post=7609"},{"taxonomy":"post_tag","embeddable":true,"href":"https:\/\/www.mtess.gov.py\/index.php?rest_route=%2Fwp%2Fv2%2Ftags&post=7609"}],"curies":[{"name":"wp","href":"https:\/\/api.w.org\/{rel}","templated":true}]}}