{"id":7610,"date":"2021-08-05T20:16:00","date_gmt":"2021-08-06T00:16:00","guid":{"rendered":"https:\/\/bi.mtess.gov.py\/v1\/?p=7610"},"modified":"2021-08-05T20:16:00","modified_gmt":"2021-08-06T00:16:00","slug":"jornada-de-trabajo-en-el-departamento-de-itapua-para-reactivar-el-empleo-y-fortalecer-programas-de-capacitacion","status":"publish","type":"post","link":"https:\/\/www.mtess.gov.py\/?p=7610","title":{"rendered":"\u200bJornada de trabajo en el departamento de Itap\u00faa para reactivar el empleo y fortalecer programas de capacitaci\u00f3n"},"content":{"rendered":"<p style=\"text-align: justify\"><span style=\"font-size: 16px\">Durante la ma\u00f1ana, se realizaron la renovaci\u00f3n del Convenio Marco<br \/>\nde Cooperaci\u00f3n Interinstitucional entre el Mtess, SNPP y la<br \/>\nGobernaci\u00f3n de Itap\u00faa, para seguir impulsando capacitaci\u00f3n para el<br \/>\ntrabajo con el gobierno local. Igualmente, el lanzamiento del<br \/>\nPrograma de Fortalecimiento de Capacidades Empresariales y<br \/>\nCompetitivas para microempresas del departamento de Itap\u00faa a trav\u00e9s<br \/>\ndel Sinafocal, con el apoyo de la Gobernaci\u00f3n de Itap\u00faa, el<br \/>\nViceministerio de Mipymes, dependiente del Ministerio de Industria y<br \/>\nComercio (MIC) y la implementaci\u00f3n t\u00e9cnica de la Fundaci\u00f3n Centro<br \/>\nde Informaci\u00f3n y Recursos para el Desarrollo (CIRD).<\/span><\/p>\n<p style=\"text-align: justify\"><span style=\"font-size: 16px\">Los participantes<br \/>\nque resulten beneficiarios recibir\u00e1n capacitaci\u00f3n en<br \/>\nfortalecimiento empresarial, desarrollo de un plan de<br \/>\nfortalecimientos e inversi\u00f3n, y de \u00e1reas que presentan necesidades,<br \/>\napoyo en formaci\u00f3n empresarial y capital semilla de hasta 3.000.000<br \/>\nde guaran\u00edes en herramientas y maquinarias. Las postulaciones ser\u00e1n<br \/>\nrecibidas del 5 al 15 de agosto.<\/span><\/p>\n<p style=\"text-align: justify\"><span style=\"font-size: 16px\">Por otro lado,<br \/>\nparticipantes del proyecto \u201cOportunidades para la Inclusi\u00f3n<br \/>\nEfectiva\u201d impulsado por el Mtess, a trav\u00e9s del Sinafocal y la<br \/>\nFundaci\u00f3n Sarak\u00ed recibieron sus certificados de capacitaci\u00f3n. En<br \/>\ntotal 66 personas participaron de la capacitaci\u00f3n.<\/span><\/p>\n<p style=\"text-align: justify\"><span style=\"font-size: 16px\">Se realiz\u00f3 el<br \/>\nrecorrido por las instalaciones de la Escuela Taller, dependiente del<br \/>\nConsejo Consultivo de Turismo, con la presencia del intendente de<br \/>\nEncarnaci\u00f3n, Sebasti\u00e1n Remesowski y Diego Aquino, presidente del<br \/>\nConsejo Consultivo de Turismo.<br \/>\n<\/span><\/p>\n<p style=\"text-align: justify\"><span style=\"font-size: 16px\">Durante la jornada<br \/>\nen el departamento de Itap\u00faa, se llev\u00f3 a cabo la firma de acuerdo<br \/>\nde cooperaci\u00f3n interinstitucional entre el Mtess, SNPP y la<br \/>\nmunicipalidad de Encarnaci\u00f3n para iniciar capacitaciones y<br \/>\nemprededurismo en el marco de la reactivaci\u00f3n del empleo. Adem\u00e1s,<br \/>\ndel  lanzamiento del Programa \u00d1epyr\u0169r\u00e3, con el Cr\u00e9dito Agr\u00edcola<br \/>\nde Habilitaci\u00f3n (CAH), a fin de generar accesos a cr\u00e9ditos para<br \/>\nemprendedores del Centro de Entrenamiento del Emprendedor y\/o<br \/>\negresados del SNPP y Sinafocal, actividad se llev\u00f3 a cabo en la<br \/>\nestaci\u00f3n del ferrocarril de Encarnaci\u00f3n.<br \/>\n<\/span><\/p>\n<p style=\"text-align: justify\"><span style=\"font-size: 16px\">La Ministra asisti\u00f3<br \/>\na una reuni\u00f3n con intendentes y referentes locales para socializar<br \/>\nel plan de reactivaci\u00f3n del empleo y una acci\u00f3n conjunta con todos<br \/>\nlos intendentes de todos los municipios para acciones de<br \/>\ncapacitaci\u00f3n, empleo, formalizaci\u00f3n y protecci\u00f3n del trabajo.<br \/>\n<\/span><\/p>\n<p style=\"text-align: justify\"><span style=\"font-size: 16px\">En la ocasi\u00f3n<br \/>\ntambi\u00e9n se realiz\u00f3 la transmisi\u00f3n, a las17:30, del espacio \u201cCanal<br \/>\nCiudadano\u201d en tu departamento con la oferta formativa del SNPP y la<br \/>\npresentaci\u00f3n del video para buscadores de empleo con la<br \/>\nparticipaci\u00f3n de la directora del SNPP, Addis Merlo y la gerente<br \/>\nt\u00e9cnica de la instituci\u00f3n, Selva Huber.<\/span><\/p>\n","protected":false},"excerpt":{"rendered":"<p>En el marco del Plan de Reactivaci\u00f3n del Empleo impulsado por el Gobierno a trav\u00e9s del Ministerio de Trabajo, Empleo y Seguridad Social (Mtess), esta ma\u00f1ana se llevaron a cabo diversas actividades en el departamento de Itap\u00faa, con la presencia de la ministra Carla Bacigalupo; la directora general del Servicio Nacional de Promoci\u00f3n Profesional (SNPP), Addis Merlo de Maciel y el secretario t\u00e9cnico del Sistema Nacional de Formaci\u00f3n y Capacitaci\u00f3n Laboral (Sinafocal), Alfredo Mongel\u00f3s.<\/p>\n","protected":false},"author":7,"featured_media":0,"comment_status":"open","ping_status":"open","sticky":false,"template":"","format":"standard","meta":{"_acf_changed":false,"_uag_custom_page_level_css":"","footnotes":""},"categories":[1],"tags":[],"class_list":["post-7610","post","type-post","status-publish","format-standard","hentry","category-sin-categoria"],"acf":[],"uagb_featured_image_src":{"full":false,"thumbnail":false,"medium":false,"medium_large":false,"large":false,"1536x1536":false,"2048x2048":false,"depicter-thumbnail":false},"uagb_author_info":{"display_name":"Lucas Santacruz","author_link":"https:\/\/www.mtess.gov.py\/?author=7"},"uagb_comment_info":0,"uagb_excerpt":"En el marco del Plan de Reactivaci\u00f3n del Empleo impulsado por el Gobierno a trav\u00e9s del Ministerio de Trabajo, Empleo y Seguridad Social (Mtess), esta ma\u00f1ana se llevaron a cabo diversas actividades en el departamento de Itap\u00faa, con la presencia de la ministra Carla Bacigalupo; la directora general del Servicio Nacional de Promoci\u00f3n Profesional (SNPP),&hellip;","_links":{"self":[{"href":"https:\/\/www.mtess.gov.py\/index.php?rest_route=\/wp\/v2\/posts\/7610","targetHints":{"allow":["GET"]}}],"collection":[{"href":"https:\/\/www.mtess.gov.py\/index.php?rest_route=\/wp\/v2\/posts"}],"about":[{"href":"https:\/\/www.mtess.gov.py\/index.php?rest_route=\/wp\/v2\/types\/post"}],"author":[{"embeddable":true,"href":"https:\/\/www.mtess.gov.py\/index.php?rest_route=\/wp\/v2\/users\/7"}],"replies":[{"embeddable":true,"href":"https:\/\/www.mtess.gov.py\/index.php?rest_route=%2Fwp%2Fv2%2Fcomments&post=7610"}],"version-history":[{"count":0,"href":"https:\/\/www.mtess.gov.py\/index.php?rest_route=\/wp\/v2\/posts\/7610\/revisions"}],"wp:attachment":[{"href":"https:\/\/www.mtess.gov.py\/index.php?rest_route=%2Fwp%2Fv2%2Fmedia&parent=7610"}],"wp:term":[{"taxonomy":"category","embeddable":true,"href":"https:\/\/www.mtess.gov.py\/index.php?rest_route=%2Fwp%2Fv2%2Fcategories&post=7610"},{"taxonomy":"post_tag","embeddable":true,"href":"https:\/\/www.mtess.gov.py\/index.php?rest_route=%2Fwp%2Fv2%2Ftags&post=7610"}],"curies":[{"name":"wp","href":"https:\/\/api.w.org\/{rel}","templated":true}]}}