{"id":7611,"date":"2021-08-05T14:28:00","date_gmt":"2021-08-05T18:28:00","guid":{"rendered":"https:\/\/bi.mtess.gov.py\/v1\/?p=7611"},"modified":"2021-08-05T14:28:00","modified_gmt":"2021-08-05T18:28:00","slug":"conforman-comision-departamental-de-erradicacion-de-trabajo-infantil-en-neembucu","status":"publish","type":"post","link":"https:\/\/www.mtess.gov.py\/?p=7611","title":{"rendered":"Conforman Comisi\u00f3n Departamental de Erradicaci\u00f3n de Trabajo Infantil en \u00d1eembuc\u00fa"},"content":{"rendered":"<p style=\"text-align: justify\">El objetivo principal de la CODETI, es el seguimiento de la Estrategia Nacional de Erradicaci\u00f3n de Trabajo Infantil y Protecci\u00f3n del Trabajo Adolescente 2019-2024, es la apropiaci\u00f3n de la comunidad local conforme a los lineamientos a nivel interinstitucional y tripartito, de la problem\u00e1tica y de las responsabilidades de los actores locales.<\/p>\n<p style=\"text-align: justify\">El Mtess sigue con su fiel compromiso de seguir trabajando en este gran flagelo que afecta a nuestros ni\u00f1os y adolescentes, que impide que tengan un desarrollo integral,  el trabajo Infantil interrumpe los proyectos de vida que puedan tener. Es de mencionar que con la conformaci\u00f3n de la CODETI del departamento de \u00d1eembuc\u00fa ya son 6 las conformadas a nivel nacional.<\/p>\n<p style=\"text-align: justify\">De igual manera, en el a\u00f1o internacional de la Eliminaci\u00f3n del Trabajo Infantil y Protecci\u00f3n del Trabajo Adolescente,  se ir\u00e1n fortaleciendo cada vez m\u00e1s a los actores locales, y as\u00ed conseguir la sensibilizaci\u00f3n y concientizaci\u00f3n de que el trabajo mancomunado es la herramienta clave en  de Erradicaci\u00f3n de Trabajo Infantil.<\/p>\n<p style=\"text-align: justify\">La reuni\u00f3n se realiz\u00f3 de manera virtual, y con amplia participaci\u00f3n de todos los sectores involucrados, conforme al Decreto 18835\/02 y su modificaci\u00f3n el Decreto 4019\/20, lo que demuestra el gran inter\u00e9s del Departamento en trabajar coordinadamente con La Directora Regional del Trabajo, quien ejercer\u00e1 la Coordinaci\u00f3n de la citada Comisi\u00f3n. Estuvieron representantes del Ministerio de Desarrollo, Ministerio de la Mujer, Rotary Club Pilar, Comerciantes de \u00d1eembuc\u00fa, C\u00e1mara de Comercio de \u00d1eembuc\u00fa, Hospital Regional de Pilar, XXII Regi\u00f3n Sanitaria de \u00d1eembuc\u00fa, Gobernaci\u00f3n de \u00d1eembuc\u00fa a trav\u00e9s de la Secretar\u00eda de la Mujer, Juventud e Infancia de \u00d1eembuc\u00fa, CODENI de Pilar y de la Cooperativa del \u00d1eembuc\u00fa Ltda. (COODE\u00d1E).<\/p>\n<p style=\"text-align: justify\"><\/p>\n","protected":false},"excerpt":{"rendered":"<p>\u200bEl Ministerio de Trabajo, Empleo y Seguridad Social, a trav\u00e9s de la Direcci\u00f3n General de Protecci\u00f3n a la Ni\u00f1ez y Adolescencia y la Direcci\u00f3n Regional del Trabajo del Departamento de \u00d1eembuc\u00fa, conforma la Comisi\u00f3n Departamental de Erradicaci\u00f3n de Trabajo Infanitl con la participaci\u00f3n de la Directora General Abg. Mariela Gomez y la Directora Perla V\u00e1zquez con el apoyo de la Secretar\u00eda T\u00e9cnica de la CONAETI.<\/p>\n","protected":false},"author":7,"featured_media":0,"comment_status":"open","ping_status":"open","sticky":false,"template":"","format":"standard","meta":{"_acf_changed":false,"_uag_custom_page_level_css":"","footnotes":""},"categories":[1],"tags":[],"class_list":["post-7611","post","type-post","status-publish","format-standard","hentry","category-sin-categoria"],"acf":[],"uagb_featured_image_src":{"full":false,"thumbnail":false,"medium":false,"medium_large":false,"large":false,"1536x1536":false,"2048x2048":false,"depicter-thumbnail":false},"uagb_author_info":{"display_name":"Lucas Santacruz","author_link":"https:\/\/www.mtess.gov.py\/?author=7"},"uagb_comment_info":0,"uagb_excerpt":"\u200bEl Ministerio de Trabajo, Empleo y Seguridad Social, a trav\u00e9s de la Direcci\u00f3n General de Protecci\u00f3n a la Ni\u00f1ez y Adolescencia y la Direcci\u00f3n Regional del Trabajo del Departamento de \u00d1eembuc\u00fa, conforma la Comisi\u00f3n Departamental de Erradicaci\u00f3n de Trabajo Infanitl con la participaci\u00f3n de la Directora General Abg. Mariela Gomez y la Directora Perla V\u00e1zquez&hellip;","_links":{"self":[{"href":"https:\/\/www.mtess.gov.py\/index.php?rest_route=\/wp\/v2\/posts\/7611","targetHints":{"allow":["GET"]}}],"collection":[{"href":"https:\/\/www.mtess.gov.py\/index.php?rest_route=\/wp\/v2\/posts"}],"about":[{"href":"https:\/\/www.mtess.gov.py\/index.php?rest_route=\/wp\/v2\/types\/post"}],"author":[{"embeddable":true,"href":"https:\/\/www.mtess.gov.py\/index.php?rest_route=\/wp\/v2\/users\/7"}],"replies":[{"embeddable":true,"href":"https:\/\/www.mtess.gov.py\/index.php?rest_route=%2Fwp%2Fv2%2Fcomments&post=7611"}],"version-history":[{"count":0,"href":"https:\/\/www.mtess.gov.py\/index.php?rest_route=\/wp\/v2\/posts\/7611\/revisions"}],"wp:attachment":[{"href":"https:\/\/www.mtess.gov.py\/index.php?rest_route=%2Fwp%2Fv2%2Fmedia&parent=7611"}],"wp:term":[{"taxonomy":"category","embeddable":true,"href":"https:\/\/www.mtess.gov.py\/index.php?rest_route=%2Fwp%2Fv2%2Fcategories&post=7611"},{"taxonomy":"post_tag","embeddable":true,"href":"https:\/\/www.mtess.gov.py\/index.php?rest_route=%2Fwp%2Fv2%2Ftags&post=7611"}],"curies":[{"name":"wp","href":"https:\/\/api.w.org\/{rel}","templated":true}]}}