{"id":7615,"date":"2021-08-02T16:11:00","date_gmt":"2021-08-02T20:11:00","guid":{"rendered":"https:\/\/bi.mtess.gov.py\/v1\/?p=7615"},"modified":"2021-08-02T16:11:00","modified_gmt":"2021-08-02T20:11:00","slug":"ministerio-de-trabajo-inicia-construccion-del-centro-de-capacitacion-dual-en-villa-hayes","status":"publish","type":"post","link":"https:\/\/www.mtess.gov.py\/?p=7615","title":{"rendered":"Ministerio de Trabajo inicia construcci\u00f3n del Centro de Capacitaci\u00f3n Dual en Villa Hayes"},"content":{"rendered":"<p><span style=\"font-size: 16px\">La inversi\u00f3n de empresas nacionales y extranjeras est\u00e1 generando una demanda de trabajo importante en todo el pa\u00eds, al igual en el departamento de Presidente Hayes, donde en adelante los ciudadanos de diferentes edades tendr\u00e1n la posibilidad de adquirir nuevos conocimientos y contar con nuevas herramientas para el empleo. En el nuevo centro de capacitaci\u00f3n, que estar\u00e1 ubicado en la calle Eucaliptal y Am\u00e9rica, del barrio Progreso de esta ciudad, se impartir\u00e1n cursos conforme a la demanda de mano de obra calificada en diversas \u00e1reas de la actividad econ\u00f3mica.<\/span><\/p>\n<p><span style=\"font-size: 16px\">El nuevo Centro de Capacitaci\u00f3n Dual ser\u00e1 inclusivo, ya que el proyecto contempla pisos t\u00e1ctiles, rampas y otros elementos para el f\u00e1cil acceso al local de personas con alguna discapacidad. Adem\u00e1s de aulas y talleres de capacitaci\u00f3n, contar\u00e1 con oficinas que albergar\u00e1n a la Direcci\u00f3n de Trabajo, Direcci\u00f3n de Empleo y la Direcci\u00f3n de Emprendedurismo, para fomentar el empleo y la capacitaci\u00f3n en todas sus aristas.<\/span><\/p>\n<p><span style=\"font-size: 16px\">En articulaci\u00f3n con la Gobernaci\u00f3n, la Intendencia, autoridades nacionales y locales, el nuevo centro apunta a ser un epicentro de capacitaci\u00f3n de la mano de obra calificada que el departamento necesita.<\/span><\/p>\n<p><span style=\"font-size: 16px\">Acompa\u00f1ar el desarrollo y la inversi\u00f3n del Gobierno y de empresas nacionales y extranjeras con capacitaci\u00f3n y educaci\u00f3n de la mano de obra es apuntar al desarrollo humano de los habitantes. La inversi\u00f3n en el capital humano a trav\u00e9s de este nuevo centro de capacitaci\u00f3n, tendr\u00e1 una incidencia directa en todo el departamento, adem\u00e1s del municipio de Villa Hayes.<\/span><\/p>\n<p><span style=\"font-size: 16px\">  El acto de inicio de la obra se realiz\u00f3 en la ma\u00f1ana de hoy en Villa Hayes con la presencia de la ministra de Trabajo, Carla Bacigalupo, el gobernador de Presidente Hayes, Rub\u00e9n Antonio Roussill\u00f3n Blaires;  la directora general del SNPP, Addis Merlo de Maciel y otras autoridades nacionales.<\/span><\/p>\n","protected":false},"excerpt":{"rendered":"<p>El Ministerio de Trabajo, Empleo y Seguridad Social, (Mtess), en la ma\u00f1ana de hoy inici\u00f3 la construcci\u00f3n del Centro de Capacitaci\u00f3n Dual del Servicio Nacional de Promoci\u00f3n Profesional (SNPP) del departamento de Presidente Hayes, situado en la ciudad de Villa Hayes, que dar\u00e1 oportunidad de formaci\u00f3n profesional en varias \u00e1reas a los compatriotas de esta zona de la regi\u00f3n occidental del pa\u00eds, Chaco.<\/p>\n","protected":false},"author":7,"featured_media":0,"comment_status":"open","ping_status":"open","sticky":false,"template":"","format":"standard","meta":{"_acf_changed":false,"_uag_custom_page_level_css":"","footnotes":""},"categories":[1],"tags":[],"class_list":["post-7615","post","type-post","status-publish","format-standard","hentry","category-sin-categoria"],"acf":[],"uagb_featured_image_src":{"full":false,"thumbnail":false,"medium":false,"medium_large":false,"large":false,"1536x1536":false,"2048x2048":false,"depicter-thumbnail":false},"uagb_author_info":{"display_name":"Lucas Santacruz","author_link":"https:\/\/www.mtess.gov.py\/?author=7"},"uagb_comment_info":0,"uagb_excerpt":"El Ministerio de Trabajo, Empleo y Seguridad Social, (Mtess), en la ma\u00f1ana de hoy inici\u00f3 la construcci\u00f3n del Centro de Capacitaci\u00f3n Dual del Servicio Nacional de Promoci\u00f3n Profesional (SNPP) del departamento de Presidente Hayes, situado en la ciudad de Villa Hayes, que dar\u00e1 oportunidad de formaci\u00f3n profesional en varias \u00e1reas a los compatriotas de esta&hellip;","_links":{"self":[{"href":"https:\/\/www.mtess.gov.py\/index.php?rest_route=\/wp\/v2\/posts\/7615","targetHints":{"allow":["GET"]}}],"collection":[{"href":"https:\/\/www.mtess.gov.py\/index.php?rest_route=\/wp\/v2\/posts"}],"about":[{"href":"https:\/\/www.mtess.gov.py\/index.php?rest_route=\/wp\/v2\/types\/post"}],"author":[{"embeddable":true,"href":"https:\/\/www.mtess.gov.py\/index.php?rest_route=\/wp\/v2\/users\/7"}],"replies":[{"embeddable":true,"href":"https:\/\/www.mtess.gov.py\/index.php?rest_route=%2Fwp%2Fv2%2Fcomments&post=7615"}],"version-history":[{"count":0,"href":"https:\/\/www.mtess.gov.py\/index.php?rest_route=\/wp\/v2\/posts\/7615\/revisions"}],"wp:attachment":[{"href":"https:\/\/www.mtess.gov.py\/index.php?rest_route=%2Fwp%2Fv2%2Fmedia&parent=7615"}],"wp:term":[{"taxonomy":"category","embeddable":true,"href":"https:\/\/www.mtess.gov.py\/index.php?rest_route=%2Fwp%2Fv2%2Fcategories&post=7615"},{"taxonomy":"post_tag","embeddable":true,"href":"https:\/\/www.mtess.gov.py\/index.php?rest_route=%2Fwp%2Fv2%2Ftags&post=7615"}],"curies":[{"name":"wp","href":"https:\/\/api.w.org\/{rel}","templated":true}]}}