{"id":7618,"date":"2021-07-30T14:41:00","date_gmt":"2021-07-30T18:41:00","guid":{"rendered":"https:\/\/bi.mtess.gov.py\/v1\/?p=7618"},"modified":"2021-07-30T14:41:00","modified_gmt":"2021-07-30T18:41:00","slug":"dia-mundial-contra-la-trata-de-personas","status":"publish","type":"post","link":"https:\/\/www.mtess.gov.py\/?p=7618","title":{"rendered":"D\u00eda Mundial contra la Trata de Personas"},"content":{"rendered":"<p style=\"text-align: justify\"><span style=\"font-size: 16px\">Seg\u00fan las Naciones Unidas,<br \/>\npr\u00e1cticamente todos los pa\u00edses del mundo est\u00e1n afectados por el<br \/>\ntr\u00e1fico de personas, ya sea como pa\u00eds de origen, tr\u00e1nsito o<br \/>\ndestino de las v\u00edctimas. Adem\u00e1s, los datos publicados a nivel<br \/>\nmundial hasta la fecha indican que las mujeres representan el 49% y<br \/>\nlas ni\u00f1as el 23% de todas las v\u00edctimas de la trata; y la<br \/>\nexplotaci\u00f3n sexual es la forma m\u00e1s com\u00fan de explotaci\u00f3n (59%),<br \/>\nseguida del trabajo forzado (34%).<\/span><\/p>\n<p style=\"text-align: justify\"><span style=\"font-size: 16px\">Es<br \/>\nese marco, el Ministerio de Trabajo, Empleo y Seguridad Social<br \/>\ndestaca la importancia de implementar pol\u00edticas p\u00fablicas y<br \/>\nfortalecer el trabajo interinstitucional para combatir a la trata de<br \/>\npersonas, la sanci\u00f3n a responsables, la prevenci\u00f3n y la protecci\u00f3n,<br \/>\nas\u00ed como la asistencia a las v\u00edctimas con una mirada integral.<\/span><\/p>\n<p style=\"text-align: justify\"><span style=\"font-size: 16px\">Al<br \/>\nmismo tiempo, se\u00f1ala la necesidad de promover pol\u00edticas y medidas<br \/>\nde respuesta ante la situaci\u00f3n actual de pandemia de COVID-19, que<br \/>\npresten especial atenci\u00f3n a los sectores de mayor vulnerabilidad, e<br \/>\nincorporen la corresponsabilidad en caso donde ni\u00f1os, ni\u00f1as o<br \/>\nadolescentes pueden estar en riesgo de situaciones de trata con fines<br \/>\nde sexual o laboral que tambi\u00e9n son consideradas Peores Formas de<br \/>\nTrabajo Infantil, seg\u00fan el Convenio 182 de la Organizaci\u00f3n<br \/>\nInternacional del Trabajo (OIT).<\/span><\/p>\n","protected":false},"excerpt":{"rendered":"<p>El D\u00eda Mundial contra la Trata de Personas, establecido el 30 de julio por la Asamblea General de las Naciones Unidas en 2013, tiene lugar en un contexto de crisis provocado por la pandemia del COVID-19 que ha incrementado las desigualdades y ha profundizado la situaci\u00f3n de vulnerabilidad de distintos grupos sociales exponi\u00e9ndolos a un mayor riesgo de ser objeto del delito de trata de personas.<\/p>\n","protected":false},"author":7,"featured_media":0,"comment_status":"open","ping_status":"open","sticky":false,"template":"","format":"standard","meta":{"_acf_changed":false,"_uag_custom_page_level_css":"","footnotes":""},"categories":[1],"tags":[],"class_list":["post-7618","post","type-post","status-publish","format-standard","hentry","category-sin-categoria"],"acf":[],"uagb_featured_image_src":{"full":false,"thumbnail":false,"medium":false,"medium_large":false,"large":false,"1536x1536":false,"2048x2048":false,"depicter-thumbnail":false},"uagb_author_info":{"display_name":"Lucas Santacruz","author_link":"https:\/\/www.mtess.gov.py\/?author=7"},"uagb_comment_info":0,"uagb_excerpt":"El D\u00eda Mundial contra la Trata de Personas, establecido el 30 de julio por la Asamblea General de las Naciones Unidas en 2013, tiene lugar en un contexto de crisis provocado por la pandemia del COVID-19 que ha incrementado las desigualdades y ha profundizado la situaci\u00f3n de vulnerabilidad de distintos grupos sociales exponi\u00e9ndolos a un&hellip;","_links":{"self":[{"href":"https:\/\/www.mtess.gov.py\/index.php?rest_route=\/wp\/v2\/posts\/7618","targetHints":{"allow":["GET"]}}],"collection":[{"href":"https:\/\/www.mtess.gov.py\/index.php?rest_route=\/wp\/v2\/posts"}],"about":[{"href":"https:\/\/www.mtess.gov.py\/index.php?rest_route=\/wp\/v2\/types\/post"}],"author":[{"embeddable":true,"href":"https:\/\/www.mtess.gov.py\/index.php?rest_route=\/wp\/v2\/users\/7"}],"replies":[{"embeddable":true,"href":"https:\/\/www.mtess.gov.py\/index.php?rest_route=%2Fwp%2Fv2%2Fcomments&post=7618"}],"version-history":[{"count":0,"href":"https:\/\/www.mtess.gov.py\/index.php?rest_route=\/wp\/v2\/posts\/7618\/revisions"}],"wp:attachment":[{"href":"https:\/\/www.mtess.gov.py\/index.php?rest_route=%2Fwp%2Fv2%2Fmedia&parent=7618"}],"wp:term":[{"taxonomy":"category","embeddable":true,"href":"https:\/\/www.mtess.gov.py\/index.php?rest_route=%2Fwp%2Fv2%2Fcategories&post=7618"},{"taxonomy":"post_tag","embeddable":true,"href":"https:\/\/www.mtess.gov.py\/index.php?rest_route=%2Fwp%2Fv2%2Ftags&post=7618"}],"curies":[{"name":"wp","href":"https:\/\/api.w.org\/{rel}","templated":true}]}}