{"id":7625,"date":"2021-07-26T13:16:00","date_gmt":"2021-07-26T17:16:00","guid":{"rendered":"https:\/\/bi.mtess.gov.py\/v1\/?p=7625"},"modified":"2021-07-26T13:16:00","modified_gmt":"2021-07-26T17:16:00","slug":"conforman-comision-departamental-de-erradicacion-de-trabajo-infantil-de-alto-parana","status":"publish","type":"post","link":"https:\/\/www.mtess.gov.py\/?p=7625","title":{"rendered":"Conforman Comisi\u00f3n Departamental de Erradicaci\u00f3n de Trabajo Infantil de Alto Paran\u00e1"},"content":{"rendered":"<p><span style=\"font-size: 16px\">La reuni\u00f3n que se ha  realizado<br \/>\nde forma virtual, buscando el fortalecimiento en aras de la eficaz<br \/>\nerradicaci\u00f3n del trabajo infantil, y sobre todo la conciencia sobre<br \/>\nla protecci\u00f3n del trabajo adolescente, con lo cual quedar\u00eda<br \/>\nconformado la Codeti de Alto Paran\u00e1 y de la cual tuvieron<br \/>\nparticipaci\u00f3n representantes del Ministerio de Educaci\u00f3n y<br \/>\nCiencias, la Consejer\u00eda de la Ni\u00f1ez y Adolescencia de Hernandarias;<br \/>\nrepresentantes del Ministerio de la Ni\u00f1ez y Adolescencia de Alto<br \/>\nParan\u00e1, Ministerio de la Mujer,  la Secretaria de la Ni\u00f1ez y<br \/>\nAdolescencia de la Gobernaci\u00f3n de Alto Paran\u00e1, as\u00ed como los<br \/>\nrepresentantes de sindicatos del Siconaps de Alto Paran\u00e1, la<br \/>\nCoordinadora Regional de Empleo y representantes del Programa de<br \/>\nEntrenamiento Laboral Protegido, grupo Team Paraguay, equipo de<br \/>\nvoluntarios que trabaja en proyectos comunitarios, as\u00ed como tambi\u00e9n<br \/>\nel director regional del Servicio Nacional de Promoci\u00f3n Profesional<br \/>\n(SNPP).<\/span><\/p>\n<p style=\"text-align: justify\"><span style=\"font-size: 16px\">En<br \/>\ncuanto al objeto principal de la conformaci\u00f3n de la Codeti, es el<br \/>\nseguimiento de la Estrategia Nacional de Erradicaci\u00f3n de Trabajo<br \/>\nInfantil y Protecci\u00f3n del Trabajo Adolescente 2019-2024, es la<br \/>\napropiaci\u00f3n de la comunidad local conforme a los lineamientos a<br \/>\nnivel interinstitucional y tripartito, de la problem\u00e1tica y de las<br \/>\nresponsabilidades de los actores locales.<\/span><\/p>\n<p style=\"text-align: justify\"><span style=\"font-size: 16px\">De<br \/>\nigual manera, en el \u201cA\u00f1o internacional de la eliminaci\u00f3n del<br \/>\ntrabajo infantil y protecci\u00f3n del trabajo adolescente\u201d, se ir\u00e1n<br \/>\nfortaleciendo cada vez m\u00e1s a los actores locales, y as\u00ed conseguir<br \/>\nla sensibilizaci\u00f3n y concientizaci\u00f3n de que el trabajo mancomunado<br \/>\nes la herramienta clave para la erradicaci\u00f3n de trabajo infantil.<\/span><\/p>\n<p style=\"text-align: justify\"><span style=\"font-size: 16px\">El<br \/>\nMtess sigue con su fiel compromiso de seguir trabajando en este gran<br \/>\nflagelo que afecta a los ni\u00f1os y adolescentes e impide que tengan un<br \/>\ndesarrollo integral, puesto que el trabajo infantil, interrumpe los<br \/>\nproyectos de vida que puedan tener.  <\/span><\/p>\n","protected":false},"excerpt":{"rendered":"<p>El Ministerio de Trabajo, Empleo y Seguridad Social (Mtess), a trav\u00e9s de la Direcci\u00f3n General de Protecci\u00f3n de la Ni\u00f1ez y Adolescencia y la Direcci\u00f3n Regional del Trabajo del departamento de Alto Paran\u00e1, ha llevado a cabo la reuni\u00f3n de conformaci\u00f3n de la Comisi\u00f3n Departamental de Erradicaci\u00f3n de Trabajo Infantil (Codeti), con la participaci\u00f3n de la directora general Abg. Mariela G\u00f3mez y el director Julio Valdez, con el apoyo de la Secretar\u00eda T\u00e9cnica de la Conaeti.<\/p>\n","protected":false},"author":7,"featured_media":0,"comment_status":"open","ping_status":"open","sticky":false,"template":"","format":"standard","meta":{"_acf_changed":false,"_uag_custom_page_level_css":"","footnotes":""},"categories":[1],"tags":[],"class_list":["post-7625","post","type-post","status-publish","format-standard","hentry","category-sin-categoria"],"acf":[],"uagb_featured_image_src":{"full":false,"thumbnail":false,"medium":false,"medium_large":false,"large":false,"1536x1536":false,"2048x2048":false,"depicter-thumbnail":false},"uagb_author_info":{"display_name":"Lucas Santacruz","author_link":"https:\/\/www.mtess.gov.py\/?author=7"},"uagb_comment_info":0,"uagb_excerpt":"El Ministerio de Trabajo, Empleo y Seguridad Social (Mtess), a trav\u00e9s de la Direcci\u00f3n General de Protecci\u00f3n de la Ni\u00f1ez y Adolescencia y la Direcci\u00f3n Regional del Trabajo del departamento de Alto Paran\u00e1, ha llevado a cabo la reuni\u00f3n de conformaci\u00f3n de la Comisi\u00f3n Departamental de Erradicaci\u00f3n de Trabajo Infantil (Codeti), con la participaci\u00f3n de&hellip;","_links":{"self":[{"href":"https:\/\/www.mtess.gov.py\/index.php?rest_route=\/wp\/v2\/posts\/7625","targetHints":{"allow":["GET"]}}],"collection":[{"href":"https:\/\/www.mtess.gov.py\/index.php?rest_route=\/wp\/v2\/posts"}],"about":[{"href":"https:\/\/www.mtess.gov.py\/index.php?rest_route=\/wp\/v2\/types\/post"}],"author":[{"embeddable":true,"href":"https:\/\/www.mtess.gov.py\/index.php?rest_route=\/wp\/v2\/users\/7"}],"replies":[{"embeddable":true,"href":"https:\/\/www.mtess.gov.py\/index.php?rest_route=%2Fwp%2Fv2%2Fcomments&post=7625"}],"version-history":[{"count":0,"href":"https:\/\/www.mtess.gov.py\/index.php?rest_route=\/wp\/v2\/posts\/7625\/revisions"}],"wp:attachment":[{"href":"https:\/\/www.mtess.gov.py\/index.php?rest_route=%2Fwp%2Fv2%2Fmedia&parent=7625"}],"wp:term":[{"taxonomy":"category","embeddable":true,"href":"https:\/\/www.mtess.gov.py\/index.php?rest_route=%2Fwp%2Fv2%2Fcategories&post=7625"},{"taxonomy":"post_tag","embeddable":true,"href":"https:\/\/www.mtess.gov.py\/index.php?rest_route=%2Fwp%2Fv2%2Ftags&post=7625"}],"curies":[{"name":"wp","href":"https:\/\/api.w.org\/{rel}","templated":true}]}}