{"id":7631,"date":"2021-07-22T13:07:00","date_gmt":"2021-07-22T17:07:00","guid":{"rendered":"https:\/\/bi.mtess.gov.py\/v1\/?p=7631"},"modified":"2021-07-22T13:07:00","modified_gmt":"2021-07-22T17:07:00","slug":"ministra-de-trabajo-participa-de-foro-sobre-competitividad-en-paraguay-el-futuro-economico-del-pais-y-sus-desafios","status":"publish","type":"post","link":"https:\/\/www.mtess.gov.py\/?p=7631","title":{"rendered":"Ministra de Trabajo participa de foro sobre competitividad en Paraguay: el futuro econ\u00f3mico del pa\u00eds y sus desaf\u00edos"},"content":{"rendered":"<p style=\"text-align: justify\"><span style=\"font-size: 16px\">El evento, organizado por<br \/>\nFundaci\u00f3n Paraguaya se inici\u00f3 ayer y culmina hoy con la<br \/>\nparticipaci\u00f3n de expertos y referentes del sector empresarial que<br \/>\ndebaten sobre finanzas, clima de inversiones y lavado de dinero;<br \/>\ncapital humano e inclusi\u00f3n laboral; investigaci\u00f3n y desarrollo para<br \/>\nel futuro; reactivaci\u00f3n econ\u00f3mica.<\/span><\/p>\n<p style=\"text-align: justify\"><span style=\"font-size: 16px\">Participan<br \/>\ncomo disertantes \u00c1lvaro Acosta, director de Investor, Carmen<br \/>\nPereira, directora general de la Unidad de An\u00e1lisis Financiero de la<br \/>\nSecretar\u00eda de Prevenci\u00f3n de Lavado de Dinero o Bienes (Seprelad) y<br \/>\nBeltr\u00e1n Macchi, presidente de la Asociaci\u00f3n de Bancos del Paraguay<br \/>\n(Asoban).<br \/>\n<\/span><\/p>\n<p style=\"text-align: justify\"><span style=\"font-size: 16px\">Los<br \/>\nexpertos analizan la solidez de los bancos, el capital de riesgo,<br \/>\nnormas de auditor\u00eda e informaci\u00f3n financiera, c\u00f3mo las medidas<br \/>\nfiscales distorsionan la competencia, el acceso de peque\u00f1as y<br \/>\nmedianas empresas a la financiaci\u00f3n para operaciones comerciales y<br \/>\nc\u00f3mo las barreras arancelarias limitan la capacidad competitiva de<br \/>\nproductos importados en el mercado nacional.<\/span><\/p>\n<p style=\"text-align: justify\"><span style=\"font-size: 16px\">Sobre<br \/>\nel valor del capital humano e inclusi\u00f3n laboral hablaron Patricia<br \/>\nDos Santos, fundadora y directora de JOBS; Carla Bacigalupo, ministra<br \/>\nde Trabajo, Empleo y Seguridad Social; Mar\u00eda Jos\u00e9 Cabezudo,<br \/>\npresidenta Fundaci\u00f3n Saraki y Pedro Halley, ex gerente de<br \/>\nPrestaciones Econ\u00f3micas del Instituto de Previsi\u00f3n Social (IPS).<br \/>\nEnfocaron su exposici\u00f3n sobre  igualdad de oportunidades laborales y<br \/>\nliderazgos, el rol del sistema educativo para satisfacer las<br \/>\nnecesidades de habilidades en una econom\u00eda competitiva, inversi\u00f3n<br \/>\nde las empresas y del Gobierno en capacitaci\u00f3n y desarrollo,<br \/>\nperfeccionamiento y actualizaci\u00f3n de habilidades, acceso a servicios<br \/>\nde seguridad y brecha salarial entre pares.<\/span><\/p>\n<p style=\"text-align: justify\"><span style=\"font-size: 16px\">La<br \/>\nFundaci\u00f3n Paraguaya hace posible este evento con el fin de construir<br \/>\nun Paraguay m\u00e1s competitivo y de ubicar a nuestro pa\u00eds a trav\u00e9s<br \/>\ndel \u201c\u00cdndice de Competitividad Global\u201d impulsado por el Foro<br \/>\nEcon\u00f3mico Mundial, sumando la voz local con las opiniones de<br \/>\nemprendedores, empresarios y pol\u00edticos de todo el mundo.  <\/span><\/p>\n","protected":false},"excerpt":{"rendered":"<p>La ministra de Trabajo, Carla Bacigalupo, participa del foro \u201cCompetitividad en Paraguay, el futuro econ\u00f3mico del pa\u00eds y sus desaf\u00edos\u201d y expuso sobre la formaci\u00f3n del capital humano para el trabajo en el pa\u00eds a trav\u00e9s de los entes de capacitaci\u00f3n de la cartera de Estado, para favorecer la igualdad de oportunidades laborales o la realizaci\u00f3n de emprendimientos rentables de los egresados de los cientos de cursos impartidos mayormente a distancia a ra\u00edz de la pandemia por COVID-19 y algunos en forma presencial.<\/p>\n","protected":false},"author":7,"featured_media":0,"comment_status":"open","ping_status":"open","sticky":false,"template":"","format":"standard","meta":{"_acf_changed":false,"_uag_custom_page_level_css":"","footnotes":""},"categories":[1],"tags":[],"class_list":["post-7631","post","type-post","status-publish","format-standard","hentry","category-sin-categoria"],"acf":[],"uagb_featured_image_src":{"full":false,"thumbnail":false,"medium":false,"medium_large":false,"large":false,"1536x1536":false,"2048x2048":false,"depicter-thumbnail":false},"uagb_author_info":{"display_name":"Lucas Santacruz","author_link":"https:\/\/www.mtess.gov.py\/?author=7"},"uagb_comment_info":0,"uagb_excerpt":"La ministra de Trabajo, Carla Bacigalupo, participa del foro \u201cCompetitividad en Paraguay, el futuro econ\u00f3mico del pa\u00eds y sus desaf\u00edos\u201d y expuso sobre la formaci\u00f3n del capital humano para el trabajo en el pa\u00eds a trav\u00e9s de los entes de capacitaci\u00f3n de la cartera de Estado, para favorecer la igualdad de oportunidades laborales o la&hellip;","_links":{"self":[{"href":"https:\/\/www.mtess.gov.py\/index.php?rest_route=\/wp\/v2\/posts\/7631","targetHints":{"allow":["GET"]}}],"collection":[{"href":"https:\/\/www.mtess.gov.py\/index.php?rest_route=\/wp\/v2\/posts"}],"about":[{"href":"https:\/\/www.mtess.gov.py\/index.php?rest_route=\/wp\/v2\/types\/post"}],"author":[{"embeddable":true,"href":"https:\/\/www.mtess.gov.py\/index.php?rest_route=\/wp\/v2\/users\/7"}],"replies":[{"embeddable":true,"href":"https:\/\/www.mtess.gov.py\/index.php?rest_route=%2Fwp%2Fv2%2Fcomments&post=7631"}],"version-history":[{"count":0,"href":"https:\/\/www.mtess.gov.py\/index.php?rest_route=\/wp\/v2\/posts\/7631\/revisions"}],"wp:attachment":[{"href":"https:\/\/www.mtess.gov.py\/index.php?rest_route=%2Fwp%2Fv2%2Fmedia&parent=7631"}],"wp:term":[{"taxonomy":"category","embeddable":true,"href":"https:\/\/www.mtess.gov.py\/index.php?rest_route=%2Fwp%2Fv2%2Fcategories&post=7631"},{"taxonomy":"post_tag","embeddable":true,"href":"https:\/\/www.mtess.gov.py\/index.php?rest_route=%2Fwp%2Fv2%2Ftags&post=7631"}],"curies":[{"name":"wp","href":"https:\/\/api.w.org\/{rel}","templated":true}]}}