{"id":7637,"date":"2021-07-16T19:46:00","date_gmt":"2021-07-16T23:46:00","guid":{"rendered":"https:\/\/bi.mtess.gov.py\/v1\/?p=7637"},"modified":"2021-07-16T19:46:00","modified_gmt":"2021-07-16T23:46:00","slug":"presentan-proyecto-de-ley-de-conformacion-de-una-comision-de-estudio-de-la-reforma-del-sistema-de-seguridad-social","status":"publish","type":"post","link":"https:\/\/www.mtess.gov.py\/?p=7637","title":{"rendered":"Presentan proyecto de ley de conformaci\u00f3n de una comisi\u00f3n de estudio de la reforma del sistema de seguridad social"},"content":{"rendered":"<p style=\"text-align: justify\"><span style=\"font-size: 16px\">La<br \/>\nministra de Trabajo, Carla Bacigalupo, inform\u00f3 que la propuesta<br \/>\noficial presentada al Parlamento ya es el resultado de la creaci\u00f3n<br \/>\nde una comisi\u00f3n t\u00e9cnica nacional entre varios sectores, entre ellos<br \/>\nlos representantes de las 8 cajas de jubilaciones y pensiones. Esta<br \/>\ninstancia, que se pretende crear por ley, tendr\u00e1 a su cargo la<br \/>\nelaboraci\u00f3n de propuestas de modificaci\u00f3n de las leyes que componen<br \/>\ndicho sistema.<\/span><\/p>\n<p style=\"text-align: justify\"><span style=\"font-size: 16px\">La<br \/>\ncomisi\u00f3n estar\u00e1 compuesta por tres senadores, tres diputados, dos<br \/>\nrepresentantes del Ministerio de Trabajo, Empleo y Seguridad Social;<br \/>\nun representante de cada una de las ocho cajas de seguridad social;<br \/>\nun representante del sector empresarial y otro de las centrales<br \/>\nobreras, que integran el Consejo Consultivo Tripartito creado en<br \/>\nvirtud del art\u00edculo  14 de la Ley  5115\/13.<\/span><\/p>\n<p style=\"text-align: justify\"><span style=\"font-size: 16px\">En<br \/>\nel proyecto de ley se establece que las instituciones que conforman<br \/>\nla comisi\u00f3n deber\u00e1n designar a sus representantes en el plazo de<br \/>\nquince d\u00edas una vez sancionada y promulgada la norma. La Comisi\u00f3n<br \/>\nestar\u00e1 presidida por uno de los representantes del Poder<br \/>\nLegislativo, quien tendr\u00e1 la facultad de convocar a los dem\u00e1s<br \/>\nintegrantes para las reuniones. La comisi\u00f3n tendr\u00e1 la facultad de<br \/>\ndictar el reglamento para su funcionamiento.<\/span><\/p>\n<p style=\"text-align: justify\"><span style=\"font-size: 16px\">Una<br \/>\nvez instalada la comisi\u00f3n, que funcionar\u00e1 en la sede del<br \/>\nLegislativo, elevar\u00e1 a consideraci\u00f3n del Poder Ejecutivo los<br \/>\nproyectos de ley elaborados relacionados al sistema de seguridad<br \/>\nsocial. La ministra Bacigalupo se\u00f1al\u00f3 que el objetivo es que por<br \/>\ndicha comisi\u00f3n pasen todos los proyectos de ley y de reformas que<br \/>\ntienen que ver con la seguridad social. <\/span><\/p>\n","protected":false},"excerpt":{"rendered":"<p>El Ministerio de Trabajo, Empleo y Seguridad Social (Mtess) present\u00f3 un proyecto de ley al Poder Legislativo que crea la Comisi\u00f3n Nacional para el Estudio de la Reforma del Sistema de Seguridad Social del pa\u00eds, que estar\u00e1 integrada por senadores, diputados, representantes del Mtess, de las cajas de jubilaciones as\u00ed como del sector empresarial y de las centrales obreras.<\/p>\n","protected":false},"author":7,"featured_media":0,"comment_status":"open","ping_status":"open","sticky":false,"template":"","format":"standard","meta":{"_acf_changed":false,"_uag_custom_page_level_css":"","footnotes":""},"categories":[1],"tags":[],"class_list":["post-7637","post","type-post","status-publish","format-standard","hentry","category-sin-categoria"],"acf":[],"uagb_featured_image_src":{"full":false,"thumbnail":false,"medium":false,"medium_large":false,"large":false,"1536x1536":false,"2048x2048":false,"depicter-thumbnail":false},"uagb_author_info":{"display_name":"Lucas Santacruz","author_link":"https:\/\/www.mtess.gov.py\/?author=7"},"uagb_comment_info":0,"uagb_excerpt":"El Ministerio de Trabajo, Empleo y Seguridad Social (Mtess) present\u00f3 un proyecto de ley al Poder Legislativo que crea la Comisi\u00f3n Nacional para el Estudio de la Reforma del Sistema de Seguridad Social del pa\u00eds, que estar\u00e1 integrada por senadores, diputados, representantes del Mtess, de las cajas de jubilaciones as\u00ed como del sector empresarial y&hellip;","_links":{"self":[{"href":"https:\/\/www.mtess.gov.py\/index.php?rest_route=\/wp\/v2\/posts\/7637","targetHints":{"allow":["GET"]}}],"collection":[{"href":"https:\/\/www.mtess.gov.py\/index.php?rest_route=\/wp\/v2\/posts"}],"about":[{"href":"https:\/\/www.mtess.gov.py\/index.php?rest_route=\/wp\/v2\/types\/post"}],"author":[{"embeddable":true,"href":"https:\/\/www.mtess.gov.py\/index.php?rest_route=\/wp\/v2\/users\/7"}],"replies":[{"embeddable":true,"href":"https:\/\/www.mtess.gov.py\/index.php?rest_route=%2Fwp%2Fv2%2Fcomments&post=7637"}],"version-history":[{"count":0,"href":"https:\/\/www.mtess.gov.py\/index.php?rest_route=\/wp\/v2\/posts\/7637\/revisions"}],"wp:attachment":[{"href":"https:\/\/www.mtess.gov.py\/index.php?rest_route=%2Fwp%2Fv2%2Fmedia&parent=7637"}],"wp:term":[{"taxonomy":"category","embeddable":true,"href":"https:\/\/www.mtess.gov.py\/index.php?rest_route=%2Fwp%2Fv2%2Fcategories&post=7637"},{"taxonomy":"post_tag","embeddable":true,"href":"https:\/\/www.mtess.gov.py\/index.php?rest_route=%2Fwp%2Fv2%2Ftags&post=7637"}],"curies":[{"name":"wp","href":"https:\/\/api.w.org\/{rel}","templated":true}]}}