{"id":7648,"date":"2021-07-07T16:29:00","date_gmt":"2021-07-07T20:29:00","guid":{"rendered":"https:\/\/bi.mtess.gov.py\/v1\/?p=7648"},"modified":"2021-07-07T16:29:00","modified_gmt":"2021-07-07T20:29:00","slug":"ministra-de-trabajo-destaca-politica-de-accion-conjunta-con-el-ministerio-de-educacion-y-ciencias","status":"publish","type":"post","link":"https:\/\/www.mtess.gov.py\/?p=7648","title":{"rendered":"Ministra de Trabajo destaca pol\u00edtica de acci\u00f3n conjunta con el Ministerio de Educaci\u00f3n y Ciencias"},"content":{"rendered":"<p style=\"text-align: justify\"><span style=\"font-size: 16px\">Bacigalupo particip\u00f3 en la<br \/>\nma\u00f1ana de hoy de la apertura del seminario internacional denominado<br \/>\n\u00abImpulsando la Educaci\u00f3n en Paraguay, \u00abPrimer Consejo<br \/>\nNacional de Educaci\u00f3n y Trabajo: Experiencias de gobernanza y<br \/>\ncolaboraci\u00f3n p\u00fablico-privada en el sector t\u00e9cnico profesional\u00bb,<br \/>\norganizado por los ministerios de Educaci\u00f3n y Ciencias y  de<br \/>\nTrabajo, Empleo y Seguridad Social, con apoyo de la Uni\u00f3n Europea<br \/>\n(UE) y la Organizaci\u00f3n de Estados Iberoamericanos para la Educaci\u00f3n,<br \/>\nla Ciencia y la Cultura (OEl) Oficina en Paraguay.<\/span><\/p>\n<p style=\"text-align: justify\"><span style=\"font-size: 16px\">\u201cQue<br \/>\nrealmente educaci\u00f3n y trabajo se concatenen, que podamos construir a<br \/>\nla educaci\u00f3n como una herramienta, sin duda de desarrollo personal<br \/>\npero tambi\u00e9n como una herramienta de desarrollo profesional adecuada<br \/>\nal mercado laboral que ya lo tenemos instalado en Paraguay, en la<br \/>\nregi\u00f3n y en el mundo que hoy exige competencias digitales<br \/>\nabsolutamente prioritarias para los j\u00f3venes, requiere un nivel<br \/>\neducativo mucho mayor en las \u00e1reas b\u00e1sicas de comunicaci\u00f3n, de<br \/>\nciencias exactas como la matem\u00e1tica, de habilidades blancas, es<br \/>\ndecir, aspectos actitudinales\u201d  sostuvo la ministra.<\/span><\/p>\n<p style=\"text-align: justify\"><span style=\"font-size: 16px\"><strong>FORMACI\u00d3N<br \/>\nDUAL<\/strong><br \/>\n<\/span><\/p>\n<p style=\"text-align: justify\"><span style=\"font-size: 16px\">En<br \/>\notro momento, la ministra de Trabajo se refiri\u00f3 como un ejemplo<br \/>\npositivo al sistema de formaci\u00f3n dual, como un puntal preponderante<br \/>\npara dinamizar el empleo y aumentar la productividad. \u201cEs una<br \/>\nherramienta que est\u00e1 aplicando el Ministerio de Trabajo con<br \/>\nmuch\u00edsimas empresas p\u00fablicas y privadas. El Programa de Formaci\u00f3n<br \/>\nDual que hoy tambi\u00e9n es una realidad en varios pa\u00edses del mundo, es<br \/>\nuna pr\u00e1ctica, una herramienta que permite al joven adquirir<br \/>\nconocimientos de calidad, acceder a un trabajo digno al momento de<br \/>\naprender y sobre todo acceder al sistema de seguridad social, es<br \/>\ndecir, podemos en una sola herramienta resolver varios problemas de<br \/>\nuna vez, el acceso al empleo, de formalizaci\u00f3n y productividad\u201d,<br \/>\nse\u00f1al\u00f3 la ministra Bacigalupo.<\/span><\/p>\n","protected":false},"excerpt":{"rendered":"<p>La ministra de Trabajo, Carla Bacigalupo, remarc\u00f3 que es vital que los ministerios de Educaci\u00f3n y Ciencias y de Trabajo, Empleo y Seguridad Social lleven adelante una pol\u00edtica en conjunto para brindar educaci\u00f3n formal y laboral que conlleve al crecimiento integral de la poblaci\u00f3n en un ambiente cada vez m\u00e1s exigente del mercado laboral, sobre todo en tecnolog\u00eda.<\/p>\n","protected":false},"author":7,"featured_media":0,"comment_status":"open","ping_status":"open","sticky":false,"template":"","format":"standard","meta":{"_acf_changed":false,"_uag_custom_page_level_css":"","footnotes":""},"categories":[1],"tags":[],"class_list":["post-7648","post","type-post","status-publish","format-standard","hentry","category-sin-categoria"],"acf":[],"uagb_featured_image_src":{"full":false,"thumbnail":false,"medium":false,"medium_large":false,"large":false,"1536x1536":false,"2048x2048":false,"depicter-thumbnail":false},"uagb_author_info":{"display_name":"Lucas Santacruz","author_link":"https:\/\/www.mtess.gov.py\/?author=7"},"uagb_comment_info":0,"uagb_excerpt":"La ministra de Trabajo, Carla Bacigalupo, remarc\u00f3 que es vital que los ministerios de Educaci\u00f3n y Ciencias y de Trabajo, Empleo y Seguridad Social lleven adelante una pol\u00edtica en conjunto para brindar educaci\u00f3n formal y laboral que conlleve al crecimiento integral de la poblaci\u00f3n en un ambiente cada vez m\u00e1s exigente del mercado laboral, sobre&hellip;","_links":{"self":[{"href":"https:\/\/www.mtess.gov.py\/index.php?rest_route=\/wp\/v2\/posts\/7648","targetHints":{"allow":["GET"]}}],"collection":[{"href":"https:\/\/www.mtess.gov.py\/index.php?rest_route=\/wp\/v2\/posts"}],"about":[{"href":"https:\/\/www.mtess.gov.py\/index.php?rest_route=\/wp\/v2\/types\/post"}],"author":[{"embeddable":true,"href":"https:\/\/www.mtess.gov.py\/index.php?rest_route=\/wp\/v2\/users\/7"}],"replies":[{"embeddable":true,"href":"https:\/\/www.mtess.gov.py\/index.php?rest_route=%2Fwp%2Fv2%2Fcomments&post=7648"}],"version-history":[{"count":0,"href":"https:\/\/www.mtess.gov.py\/index.php?rest_route=\/wp\/v2\/posts\/7648\/revisions"}],"wp:attachment":[{"href":"https:\/\/www.mtess.gov.py\/index.php?rest_route=%2Fwp%2Fv2%2Fmedia&parent=7648"}],"wp:term":[{"taxonomy":"category","embeddable":true,"href":"https:\/\/www.mtess.gov.py\/index.php?rest_route=%2Fwp%2Fv2%2Fcategories&post=7648"},{"taxonomy":"post_tag","embeddable":true,"href":"https:\/\/www.mtess.gov.py\/index.php?rest_route=%2Fwp%2Fv2%2Ftags&post=7648"}],"curies":[{"name":"wp","href":"https:\/\/api.w.org\/{rel}","templated":true}]}}