{"id":7652,"date":"2021-07-05T17:02:00","date_gmt":"2021-07-05T21:02:00","guid":{"rendered":"https:\/\/bi.mtess.gov.py\/v1\/?p=7652"},"modified":"2021-07-05T17:02:00","modified_gmt":"2021-07-05T21:02:00","slug":"jovenes-estudiaran-y-trabajaran-en-empresa-multinacional-mediante-una-alianza-con-el-ministerio-de-trabajo","status":"publish","type":"post","link":"https:\/\/www.mtess.gov.py\/?p=7652","title":{"rendered":"J\u00f3venes estudiar\u00e1n y trabajar\u00e1n en empresa multinacional mediante una alianza con el Ministerio de Trabajo"},"content":{"rendered":"<p style=\"text-align: justify\"><span style=\"font-size: 16px\">El Programa de Formaci\u00f3n<br \/>\nProfesional Dual de la cartera de Estado es una estrategia de<br \/>\naprendizaje que es implementado en varios pa\u00edses que tiene como<br \/>\nobjeto preparar a los aprendices para su vida profesional,<br \/>\nimplementando carreras de formaci\u00f3n profesional en profesiones<br \/>\nespec\u00edficas conforme a la demanda del mercado laboral.<\/span><\/p>\n<p style=\"text-align: justify\"><span style=\"font-size: 16px\">El<br \/>\nmodelo de formaci\u00f3n dual es una modalidad de ense\u00f1anza que se basa<br \/>\nen un r\u00e9gimen de capacitaci\u00f3n combinada, es decir 70% de pr\u00e1ctica<br \/>\nen la empresa y 30% de clases te\u00f3ricas en el SNPP, conforme a un<br \/>\nplan curricular. Su duraci\u00f3n es de dos a\u00f1os y los aprendices<br \/>\nperciben un salario de la empresa, adem\u00e1s del seguro social<br \/>\nInstituto de Previsi\u00f3n Social (IPS).<br \/>\n<\/span><\/p>\n<p style=\"text-align: justify\"><span style=\"font-size: 16px\">La<br \/>\nempresa abri\u00f3 un periodo de postulaci\u00f3n que se extender\u00e1 hasta el<br \/>\n9 de julio pr\u00f3ximo y las personas interesadas pueden hacerlo a<br \/>\ntrav\u00e9s del enlace <a href=\"https:\/\/n9.cl\/aprn2\">https:\/\/n9.cl\/aprn2<\/a>.<br \/>\nBajo el Modelo Paraguayo Dual (Mopadual) recibir\u00e1n capacitaci\u00f3n<br \/>\n21j\u00f3venes<br \/>\nen la especialidad de auxiliar<br \/>\nadministrativo contable y otros 10 en programaci\u00f3n e inform\u00e1tica.<br \/>\nEntre los requisitos figuran que tienen que tener entre 18 y 24 a\u00f1os,<br \/>\nser egresados de bachillerato, entre otros. Para las  clases te\u00f3ricas<br \/>\ndeber\u00e1n asistir al SNPP los d\u00edas asignados por la empresa, para<br \/>\nrecibir la informaci\u00f3n<br \/>\nte\u00f3rica que le servir\u00e1n de base para el buen desempe\u00f1o de las<br \/>\nactividades pr\u00e1cticas en la compa\u00f1\u00eda.<br \/>\n<\/span><\/p>\n<p style=\"text-align: justify\"><span style=\"font-size: 16px\">Algunos<br \/>\nde los conocimientos que adquirir\u00e1n los estudiantes del primer grupo<br \/>\nen las clases te\u00f3ricas son administraci\u00f3n general, contabilidad y<br \/>\nfinanzas, aplicaciones inform\u00e1ticas, atenci\u00f3n y asesoramiento al<br \/>\ncliente, ingl\u00e9s y habilidades blandas. En la parte pr\u00e1ctica en la<br \/>\nempresa, realizar\u00e1n actividades administrativas y de atenci\u00f3n al<br \/>\ncliente, en distintas \u00e1reas, como por ejemplo en  operaciones de<br \/>\nrecursos humanos, contabilidad, facturaci\u00f3n, cobranzas, finanzas,<br \/>\ncentro de contacto (call center) y compras.<\/span><\/p>\n<p style=\"text-align: justify\"><span style=\"font-size: 16px\">Los<br \/>\nestudiantes de programaci\u00f3n e inform\u00e1tica desarrollar\u00e1n en el SNPP<br \/>\ntemas como aplicaciones<br \/>\ninform\u00e1ticas, programaci\u00f3n, lenguajes de programaci\u00f3n web, tipos y<br \/>\nprogramaci\u00f3n de base de datos, seguridad inform\u00e1tica, sistemas<br \/>\noperativos, ingl\u00e9s, y habilidades blandas. En la empresa realizar\u00e1n<br \/>\nactividades relacionadas con la entrega de soluciones orientadas a la<br \/>\nmejora de los procesos de las operaciones.<\/span><\/p>\n","protected":false},"excerpt":{"rendered":"<p>El Ministerio de Trabajo, Empleo y Seguridad Social (Mtess), a trav\u00e9s de su ente de formaci\u00f3n el Servicio Nacional de Promoci\u00f3n Profesional (SNPP), y una importante empresa de nivel internacional capacitar\u00e1n a 31 j\u00f3venes en la modalidad de formaci\u00f3n profesional dual que tiene una duraci\u00f3n de dos a\u00f1os.<\/p>\n","protected":false},"author":7,"featured_media":0,"comment_status":"open","ping_status":"open","sticky":false,"template":"","format":"standard","meta":{"_acf_changed":false,"_uag_custom_page_level_css":"","footnotes":""},"categories":[1],"tags":[],"class_list":["post-7652","post","type-post","status-publish","format-standard","hentry","category-sin-categoria"],"acf":[],"uagb_featured_image_src":{"full":false,"thumbnail":false,"medium":false,"medium_large":false,"large":false,"1536x1536":false,"2048x2048":false,"depicter-thumbnail":false},"uagb_author_info":{"display_name":"Lucas Santacruz","author_link":"https:\/\/www.mtess.gov.py\/?author=7"},"uagb_comment_info":0,"uagb_excerpt":"El Ministerio de Trabajo, Empleo y Seguridad Social (Mtess), a trav\u00e9s de su ente de formaci\u00f3n el Servicio Nacional de Promoci\u00f3n Profesional (SNPP), y una importante empresa de nivel internacional capacitar\u00e1n a 31 j\u00f3venes en la modalidad de formaci\u00f3n profesional dual que tiene una duraci\u00f3n de dos a\u00f1os.","_links":{"self":[{"href":"https:\/\/www.mtess.gov.py\/index.php?rest_route=\/wp\/v2\/posts\/7652","targetHints":{"allow":["GET"]}}],"collection":[{"href":"https:\/\/www.mtess.gov.py\/index.php?rest_route=\/wp\/v2\/posts"}],"about":[{"href":"https:\/\/www.mtess.gov.py\/index.php?rest_route=\/wp\/v2\/types\/post"}],"author":[{"embeddable":true,"href":"https:\/\/www.mtess.gov.py\/index.php?rest_route=\/wp\/v2\/users\/7"}],"replies":[{"embeddable":true,"href":"https:\/\/www.mtess.gov.py\/index.php?rest_route=%2Fwp%2Fv2%2Fcomments&post=7652"}],"version-history":[{"count":0,"href":"https:\/\/www.mtess.gov.py\/index.php?rest_route=\/wp\/v2\/posts\/7652\/revisions"}],"wp:attachment":[{"href":"https:\/\/www.mtess.gov.py\/index.php?rest_route=%2Fwp%2Fv2%2Fmedia&parent=7652"}],"wp:term":[{"taxonomy":"category","embeddable":true,"href":"https:\/\/www.mtess.gov.py\/index.php?rest_route=%2Fwp%2Fv2%2Fcategories&post=7652"},{"taxonomy":"post_tag","embeddable":true,"href":"https:\/\/www.mtess.gov.py\/index.php?rest_route=%2Fwp%2Fv2%2Ftags&post=7652"}],"curies":[{"name":"wp","href":"https:\/\/api.w.org\/{rel}","templated":true}]}}