{"id":7658,"date":"2021-07-01T15:53:00","date_gmt":"2021-07-01T19:53:00","guid":{"rendered":"https:\/\/bi.mtess.gov.py\/v1\/?p=7658"},"modified":"2021-07-01T15:53:00","modified_gmt":"2021-07-01T19:53:00","slug":"el-presidente-de-la-republica-destaco-apoyo-economico-a-trabajadores-formales-e-informales-en-su-informe-al-parlamento","status":"publish","type":"post","link":"https:\/\/www.mtess.gov.py\/?p=7658","title":{"rendered":"El presidente de la Rep\u00fablica destac\u00f3 apoyo econ\u00f3mico a trabajadores formales e informales en su informe al Parlamento"},"content":{"rendered":"<p style=\"text-align: justify\"><span style=\"font-size: 16px\">Abdo Ben\u00edtez manifest\u00f3 que en<br \/>\nel marco de la  Ley de Emergencia Sanitaria N\u00b0 6524\/2020, los<br \/>\ntrabajadores formales recibieron y muchos contin\u00faan percibiendo<br \/>\napoyo econ\u00f3mico en concepto de subsidios por suspensi\u00f3n de contrato<br \/>\nlaboral, vulnerabilidad, reposo por COVID -19 y aislamiento,<br \/>\nbeneficiando a un total de 179.900  trabajadores en el pa\u00eds, con<br \/>\ndesembolso de m\u00e1s de 85 millones de d\u00f3lares.<\/span><\/p>\n<p style=\"text-align: justify\"><span style=\"font-size: 16px\">En<br \/>\nla ocasi\u00f3n tambi\u00e9n destac\u00f3 la actividad econ\u00f3mica de las micro,<br \/>\npeque\u00f1as y medianas empresas, \u201cEstamos convencidos que las mipymes<br \/>\nson los motores principales de nuestra econom\u00eda, 2 de cada 3<br \/>\nparaguayos trabajan en mipymes y estas representan m\u00e1s del 90% del<br \/>\ntejido empresarial\u201d, sostuvo el presidente de la Rep\u00fablica.<\/span><\/p>\n<p style=\"text-align: justify\"><span style=\"font-size: 16px\">Asimismo<br \/>\nse\u00f1al\u00f3 que al declararse la emergencia sanitaria por COVID-19, en<br \/>\nel mes de marzo del a\u00f1o pasado, el Gobierno implement\u00f3 un plan de<br \/>\nmedidas extraordinarias para un momento extraordinario, de car\u00e1cter<br \/>\npresupuestario para brindar contenci\u00f3n social, econ\u00f3mica y<br \/>\nfinanciera. \u201cEn medio de una cuarentena total, con una econom\u00eda<br \/>\nmuy afectada debimos buscar la forma inmediata de apoyar a nuestra<br \/>\npoblaci\u00f3n, sin intermediario, brind\u00e1ndole una ayuda econ\u00f3mica<br \/>\ndirecta y llevando alivio a muchos hogares\u201d, sostuvo.<br \/>\n<\/span><\/p>\n<p style=\"text-align: justify\"><span style=\"font-size: 16px\">En<br \/>\nese sentido dijo que mediante alianza con el sector privado para la<br \/>\ntransferencia de los recursos, m\u00e1s de 1.500.000 trabajadores<br \/>\ninformales fueron beneficiados con subsidios econ\u00f3micos con el<br \/>\nprograma Pytyv\u00f5 en sus diferentes versiones, en los meses m\u00e1s<br \/>\ndif\u00edciles de la pandemia. Tambi\u00e9n inform\u00f3 que m\u00e1s de 24.000<br \/>\ntrabajadores formales e informales de la frontera con la rep\u00fablica<br \/>\nArgentina fueron beneficiados con ayuda econ\u00f3mica.<\/span><\/p>\n<p style=\"text-align: justify\"><strong><span style=\"font-size: 16px\">NUEVOS<br \/>\nEMPLEOS EN EL NORTE<\/span><\/strong><\/p>\n<p style=\"text-align: justify\"><span style=\"font-size: 16px\">En<br \/>\notro momento se refiri\u00f3 a la inversi\u00f3n privada en la zona norte del<br \/>\npa\u00eds para la instalaci\u00f3n de una planta de celulosa, de cemento con<br \/>\nla empresa CECON y una industria frigor\u00edfica, que generar\u00e1n miles<br \/>\nde puestos de trabajo en el departamento de Concepci\u00f3n y cambiar\u00e1<br \/>\nla calidad de vida en esta regi\u00f3n del pa\u00eds. Asimismo, se\u00f1al\u00f3 que<br \/>\nmediante la construcci\u00f3n de viviendas y rutas en los 17<br \/>\ndepartamentos se creaci\u00f3n m\u00e1s 37.000 puestos de trabajo.<\/span><\/p>\n","protected":false},"excerpt":{"rendered":"<p>El presidente de la Rep\u00fablica, Mario Abdo Ben\u00edtez, durante el informe de su gesti\u00f3n al Poder Legislativo, destac\u00f3 el apoyo econ\u00f3mico del Gobierno a los trabajadores formales a trav\u00e9s de subsidios pagados por el Instituto de Previsi\u00f3n Social (IPS), y tambi\u00e9n a los trabajadores informales que recibieron ayuda monetaria mediante el programa Pytyv\u00f5.<\/p>\n","protected":false},"author":7,"featured_media":0,"comment_status":"open","ping_status":"open","sticky":false,"template":"","format":"standard","meta":{"_acf_changed":false,"_uag_custom_page_level_css":"","footnotes":""},"categories":[1],"tags":[],"class_list":["post-7658","post","type-post","status-publish","format-standard","hentry","category-sin-categoria"],"acf":[],"uagb_featured_image_src":{"full":false,"thumbnail":false,"medium":false,"medium_large":false,"large":false,"1536x1536":false,"2048x2048":false,"depicter-thumbnail":false},"uagb_author_info":{"display_name":"Lucas Santacruz","author_link":"https:\/\/www.mtess.gov.py\/?author=7"},"uagb_comment_info":0,"uagb_excerpt":"El presidente de la Rep\u00fablica, Mario Abdo Ben\u00edtez, durante el informe de su gesti\u00f3n al Poder Legislativo, destac\u00f3 el apoyo econ\u00f3mico del Gobierno a los trabajadores formales a trav\u00e9s de subsidios pagados por el Instituto de Previsi\u00f3n Social (IPS), y tambi\u00e9n a los trabajadores informales que recibieron ayuda monetaria mediante el programa Pytyv\u00f5.","_links":{"self":[{"href":"https:\/\/www.mtess.gov.py\/index.php?rest_route=\/wp\/v2\/posts\/7658","targetHints":{"allow":["GET"]}}],"collection":[{"href":"https:\/\/www.mtess.gov.py\/index.php?rest_route=\/wp\/v2\/posts"}],"about":[{"href":"https:\/\/www.mtess.gov.py\/index.php?rest_route=\/wp\/v2\/types\/post"}],"author":[{"embeddable":true,"href":"https:\/\/www.mtess.gov.py\/index.php?rest_route=\/wp\/v2\/users\/7"}],"replies":[{"embeddable":true,"href":"https:\/\/www.mtess.gov.py\/index.php?rest_route=%2Fwp%2Fv2%2Fcomments&post=7658"}],"version-history":[{"count":0,"href":"https:\/\/www.mtess.gov.py\/index.php?rest_route=\/wp\/v2\/posts\/7658\/revisions"}],"wp:attachment":[{"href":"https:\/\/www.mtess.gov.py\/index.php?rest_route=%2Fwp%2Fv2%2Fmedia&parent=7658"}],"wp:term":[{"taxonomy":"category","embeddable":true,"href":"https:\/\/www.mtess.gov.py\/index.php?rest_route=%2Fwp%2Fv2%2Fcategories&post=7658"},{"taxonomy":"post_tag","embeddable":true,"href":"https:\/\/www.mtess.gov.py\/index.php?rest_route=%2Fwp%2Fv2%2Ftags&post=7658"}],"curies":[{"name":"wp","href":"https:\/\/api.w.org\/{rel}","templated":true}]}}