{"id":7660,"date":"2021-06-30T14:52:00","date_gmt":"2021-06-30T18:52:00","guid":{"rendered":"https:\/\/bi.mtess.gov.py\/v1\/?p=7660"},"modified":"2021-06-30T14:52:00","modified_gmt":"2021-06-30T18:52:00","slug":"la-ministra-de-trabajo-carla-bacigalupo-manifesto-que-con-la-formacion-dual-se-logra-productividad-empleo-y-formalizacion","status":"publish","type":"post","link":"https:\/\/www.mtess.gov.py\/?p=7660","title":{"rendered":"La ministra de Trabajo, Carla Bacigalupo, manifest\u00f3 que con la formaci\u00f3n dual se logra productividad, empleo y formalizaci\u00f3n"},"content":{"rendered":"<p style=\"text-align: justify\"><span style=\"font-size: 16px\">La ministra de Trabajo durante su<br \/>\nparticipaci\u00f3n en el \u201cColoquio internacional sobre perspectivas y<br \/>\nconsolidaci\u00f3n de la formaci\u00f3n Dual\u201d, organizado por la<br \/>\nOrganizaci\u00f3n Internacional del Trabajo (OIT), Colegio Nacional de<br \/>\nEducaci\u00f3n Profesional T\u00e9cnica (Conalep) de M\u00e9xico, entre otras<br \/>\ninstituciones, dijo que Am\u00e9rica Latina y el Caribe presentan tres<br \/>\ncaracter\u00edsticas de injerencia directa en el empleo.  \u201cEn primer<br \/>\nlugar bajo nivel de empleo, m\u00e1s ahora por la pandemia, baja<br \/>\nproductividad con bajo \u00edndice de innovaci\u00f3n y tecnolog\u00eda, y muy<br \/>\nbaja formalidad del empleo, es decir alta informalidad\u201d, se\u00f1al\u00f3<br \/>\nBacigalupo.<\/span><\/p>\n<p style=\"text-align: justify\"><span style=\"font-size: 16px\">\u201cEstos<br \/>\ntres males end\u00e9micos de empleo en Am\u00e9rica Latina y el Caribe son<br \/>\nsuperados con el sistema de formaci\u00f3n dual, porque eleva la<br \/>\nproductividad de los trabajadores, eleva los \u00edndices del empleo<br \/>\nporque el aprendiz dual trabaja y estudia al mismo tiempo, y en<br \/>\ntercer lugar todo sistema dual implica que el trabajador sea formal.<br \/>\nLa experiencia que tenemos en Paraguay supera estos tres obst\u00e1culos<br \/>\nprincipales, productividad, empleo y formalizaci\u00f3n\u201d, remarc\u00f3 la<br \/>\nministra de Trabajo Carla Bacigalupo durante su participaci\u00f3n del<br \/>\nevento internacional que se inici\u00f3 el lunes pasado y culmina hoy con<br \/>\nrepresentantes de 14 pa\u00edses, de organismos estatales y privados.<\/span><\/p>\n<p style=\"text-align: justify\"><span style=\"font-size: 16px\">En<br \/>\notro momento sostuvo que para el funcionamiento del sistema de<br \/>\nformaci\u00f3n dual es muy importante la articulaci\u00f3n de acciones entre<br \/>\nlos ministerios de Trabajo y Educaci\u00f3n de los diferentes pa\u00edses.<br \/>\n\u201cNo podemos hablar de un un programa de formaci\u00f3n dual exitoso<br \/>\nsino hablamos de un consejo o de una articulaci\u00f3n directa y estrecha<br \/>\nentre los ministerios que trata la educaci\u00f3n y de trabajo y el<br \/>\nempleo\u201d, indic\u00f3.<\/span><\/p>\n<p style=\"text-align: justify\"><span style=\"font-size: 16px\">Asimismo,<br \/>\nmanifest\u00f3 que se deben priorizar las \u00e1reas de cada mercado laboral,<br \/>\nde cada pa\u00eds, en las que la formaci\u00f3n dual necesita ser impulsada<br \/>\npara satisfacer la demanda de mano de obra calificada, y que tambi\u00e9n<br \/>\nse debe buscar convalidar la ense\u00f1anza formal dual con la ense\u00f1anza<br \/>\nuniversitaria. \u201dEntrelazar la posibilidad de que los j\u00f3venes<br \/>\nduales puedan en un futuro, mediano o cercano, convalidar las<br \/>\nmaterias y seguir en la universidad, cosa que en Paraguay no tenemos<br \/>\ny creo que en muchos pa\u00edses de la regi\u00f3n\u201d, manifest\u00f3 la ministra<br \/>\nde Trabajo.<\/span><\/p>\n<p style=\"text-align: justify\"><\/p>\n","protected":false},"excerpt":{"rendered":"<p>La ministra de Trabajo, Carla Bacigalupo, manifest\u00f3 que Am\u00e9rica Latina y el Caribe tienen serios problemas en productividad, empleo y formalizaci\u00f3n, pero que estos obst\u00e1culos para el crecimiento integral de los pa\u00edses se pueden vencer mediante la formaci\u00f3n dual que vienen implementando en varias naciones, entre ellas Paraguay.<\/p>\n","protected":false},"author":7,"featured_media":0,"comment_status":"open","ping_status":"open","sticky":false,"template":"","format":"standard","meta":{"_acf_changed":false,"_uag_custom_page_level_css":"","footnotes":""},"categories":[1],"tags":[],"class_list":["post-7660","post","type-post","status-publish","format-standard","hentry","category-sin-categoria"],"acf":[],"uagb_featured_image_src":{"full":false,"thumbnail":false,"medium":false,"medium_large":false,"large":false,"1536x1536":false,"2048x2048":false,"depicter-thumbnail":false},"uagb_author_info":{"display_name":"Lucas Santacruz","author_link":"https:\/\/www.mtess.gov.py\/?author=7"},"uagb_comment_info":0,"uagb_excerpt":"La ministra de Trabajo, Carla Bacigalupo, manifest\u00f3 que Am\u00e9rica Latina y el Caribe tienen serios problemas en productividad, empleo y formalizaci\u00f3n, pero que estos obst\u00e1culos para el crecimiento integral de los pa\u00edses se pueden vencer mediante la formaci\u00f3n dual que vienen implementando en varias naciones, entre ellas Paraguay.","_links":{"self":[{"href":"https:\/\/www.mtess.gov.py\/index.php?rest_route=\/wp\/v2\/posts\/7660","targetHints":{"allow":["GET"]}}],"collection":[{"href":"https:\/\/www.mtess.gov.py\/index.php?rest_route=\/wp\/v2\/posts"}],"about":[{"href":"https:\/\/www.mtess.gov.py\/index.php?rest_route=\/wp\/v2\/types\/post"}],"author":[{"embeddable":true,"href":"https:\/\/www.mtess.gov.py\/index.php?rest_route=\/wp\/v2\/users\/7"}],"replies":[{"embeddable":true,"href":"https:\/\/www.mtess.gov.py\/index.php?rest_route=%2Fwp%2Fv2%2Fcomments&post=7660"}],"version-history":[{"count":0,"href":"https:\/\/www.mtess.gov.py\/index.php?rest_route=\/wp\/v2\/posts\/7660\/revisions"}],"wp:attachment":[{"href":"https:\/\/www.mtess.gov.py\/index.php?rest_route=%2Fwp%2Fv2%2Fmedia&parent=7660"}],"wp:term":[{"taxonomy":"category","embeddable":true,"href":"https:\/\/www.mtess.gov.py\/index.php?rest_route=%2Fwp%2Fv2%2Fcategories&post=7660"},{"taxonomy":"post_tag","embeddable":true,"href":"https:\/\/www.mtess.gov.py\/index.php?rest_route=%2Fwp%2Fv2%2Ftags&post=7660"}],"curies":[{"name":"wp","href":"https:\/\/api.w.org\/{rel}","templated":true}]}}