{"id":7662,"date":"2021-06-28T18:57:00","date_gmt":"2021-06-28T22:57:00","guid":{"rendered":"https:\/\/bi.mtess.gov.py\/v1\/?p=7662"},"modified":"2021-06-28T18:57:00","modified_gmt":"2021-06-28T22:57:00","slug":"ministerio-de-trabajo-y-organismos-internacionales-realizan-foro-internacional-por-la-igualdad-laboral","status":"publish","type":"post","link":"https:\/\/www.mtess.gov.py\/?p=7662","title":{"rendered":"Ministerio de Trabajo y organismos internacionales realizan foro internacional por la igualdad laboral"},"content":{"rendered":"<p style=\"text-align: justify\"><span style=\"font-size: 16px\">Invitan a participar a los<br \/>\nreferentes de instituciones del Gobierno, organizaciones de<br \/>\ntrabajadores,  empleadores. Para interactuar con los panelistas los<br \/>\ninteresados podr\u00e1n inscribirse a trav\u00e9s de<br \/>\n<a href=\"http:\/\/bit.ly\/IIIForoIgualdadLaboral\">http:\/\/bit.ly\/IIIForoIgualdadLaboral<\/a>.<br \/>\nSe habilitar\u00e1 marat\u00f3n de preguntas que ser\u00e1n respondidas por<br \/>\nt\u00e9cnicos del Ministerio de Trabajo.<\/span><\/p>\n<p style=\"text-align: justify\"><span style=\"font-size: 16px\"><br \/>\nEl tercer foro buscar\u00e1<br \/>\nanalizar y comprender la situaci\u00f3n laboral de las mujeres en el pa\u00eds<br \/>\ny la regi\u00f3n, desde un punto de vista estructural, pero tambi\u00e9n<br \/>\nabordar\u00e1 desaf\u00edos que se plantean en el contexto actual de la<br \/>\npandemia por COVID-19. Se compartir\u00e1n experiencias inspiradoras e<br \/>\ninnovadoras que podr\u00edan servir de ejemplo para avanzar hacia un<br \/>\nfuturo mejor para las mujeres en el trabajo.<\/span><\/p>\n<p style=\"text-align: justify\"><span style=\"font-size: 16px\">Al identificar<br \/>\nacciones o pol\u00edticas que podr\u00edan aplicarse en el pa\u00eds, este foro<br \/>\nayudar\u00e1 a impulsar la Agenda 2030 de Desarrollo Sostenible, en las<br \/>\ntareas orientadas hacia las metas para alcanzar el ODS 5 orientado a<br \/>\nlograr la igualdad entre los g\u00e9neros y empoderar a todas las<br \/>\nmujeres, y el ODS 8, que busca promover el crecimiento econ\u00f3mico<br \/>\ninclusivo y sostenible, el empleo y el trabajo decente para todos.<\/span><\/p>\n<p style=\"text-align: justify\"><span style=\"font-size: 16px\">De<br \/>\nla misma manera, las jornadas de presentaciones esperan contribuir a<br \/>\nla implementaci\u00f3n del Plan Estrat\u00e9gico Institucional del Ministerio<br \/>\nde Trabajo, Empleo y Seguridad social y su objetivo espec\u00edfico que<br \/>\naspira a promover el empleo productivo, decente e inclusivo, con<br \/>\nequidad de g\u00e9nero y social, formaci\u00f3n y capacitaci\u00f3n para la<br \/>\nempleabilidad y protecci\u00f3n social.<\/span><\/p>\n<p style=\"text-align: justify\"><span style=\"font-size: 16px\"><strong>PROGRAMA<\/strong><br \/>\nEl<br \/>\nprograma que ser\u00e1 desarrollado durante los dos d\u00edas comprende tres<br \/>\nconversatorios en torno a la igualdad laboral. El martes 29 se<br \/>\nabordar\u00e1 sobre los retos y las oportunidades para la empleabilidad<br \/>\nde las mujeres j\u00f3venes y el impacto de la pandemia en el empleo de<br \/>\nlas mujeres. El mi\u00e9rcoles 30 el conversatorio estar\u00e1 dedicado a las<br \/>\npol\u00edticas aceleradoras de la igualdad en el empleo.<\/span><\/p>\n<p style=\"text-align: justify\"><span style=\"font-size: 16px\">Las<br \/>\nagencias, fondos y programas de las Naciones Unidas adheridas a esta<br \/>\niniciativa son: Programa de las Naciones Unidas para el Desarrollo<br \/>\n(PNUD), Organizaci\u00f3n Internacional del Trabajo (OIT), ONUMUJERES,<br \/>\nFondo de Poblaci\u00f3n de las Naciones Unidas (UNFPA), Fondo de las<br \/>\nNaciones Unidas para la Infancia (Unicef).<\/span><\/p>\n","protected":false},"excerpt":{"rendered":"<p>El Ministerio de Trabajo, Empleo y Seguridad Social (Mtess), Naciones Unidas y Plan International organizan el \u201cIII Foro Internacional por la Igualdad laboral\u201d que ser\u00e1 transmitido v\u00eda Facebook del Mtess, este martes 29 y el mi\u00e9rcoles 30 de junio.<\/p>\n","protected":false},"author":7,"featured_media":0,"comment_status":"open","ping_status":"open","sticky":false,"template":"","format":"standard","meta":{"_acf_changed":false,"_uag_custom_page_level_css":"","footnotes":""},"categories":[1],"tags":[],"class_list":["post-7662","post","type-post","status-publish","format-standard","hentry","category-sin-categoria"],"acf":[],"uagb_featured_image_src":{"full":false,"thumbnail":false,"medium":false,"medium_large":false,"large":false,"1536x1536":false,"2048x2048":false,"depicter-thumbnail":false},"uagb_author_info":{"display_name":"Lucas Santacruz","author_link":"https:\/\/www.mtess.gov.py\/?author=7"},"uagb_comment_info":0,"uagb_excerpt":"El Ministerio de Trabajo, Empleo y Seguridad Social (Mtess), Naciones Unidas y Plan International organizan el \u201cIII Foro Internacional por la Igualdad laboral\u201d que ser\u00e1 transmitido v\u00eda Facebook del Mtess, este martes 29 y el mi\u00e9rcoles 30 de junio.","_links":{"self":[{"href":"https:\/\/www.mtess.gov.py\/index.php?rest_route=\/wp\/v2\/posts\/7662","targetHints":{"allow":["GET"]}}],"collection":[{"href":"https:\/\/www.mtess.gov.py\/index.php?rest_route=\/wp\/v2\/posts"}],"about":[{"href":"https:\/\/www.mtess.gov.py\/index.php?rest_route=\/wp\/v2\/types\/post"}],"author":[{"embeddable":true,"href":"https:\/\/www.mtess.gov.py\/index.php?rest_route=\/wp\/v2\/users\/7"}],"replies":[{"embeddable":true,"href":"https:\/\/www.mtess.gov.py\/index.php?rest_route=%2Fwp%2Fv2%2Fcomments&post=7662"}],"version-history":[{"count":0,"href":"https:\/\/www.mtess.gov.py\/index.php?rest_route=\/wp\/v2\/posts\/7662\/revisions"}],"wp:attachment":[{"href":"https:\/\/www.mtess.gov.py\/index.php?rest_route=%2Fwp%2Fv2%2Fmedia&parent=7662"}],"wp:term":[{"taxonomy":"category","embeddable":true,"href":"https:\/\/www.mtess.gov.py\/index.php?rest_route=%2Fwp%2Fv2%2Fcategories&post=7662"},{"taxonomy":"post_tag","embeddable":true,"href":"https:\/\/www.mtess.gov.py\/index.php?rest_route=%2Fwp%2Fv2%2Ftags&post=7662"}],"curies":[{"name":"wp","href":"https:\/\/api.w.org\/{rel}","templated":true}]}}