{"id":7700,"date":"2021-06-03T16:13:00","date_gmt":"2021-06-03T20:13:00","guid":{"rendered":"https:\/\/bi.mtess.gov.py\/v1\/?p=7700"},"modified":"2021-06-03T16:13:00","modified_gmt":"2021-06-03T20:13:00","slug":"mtess-habilita-oficina-de-empleo-y-local-de-capacitacion-para-pobladores-de-lambare","status":"publish","type":"post","link":"https:\/\/www.mtess.gov.py\/?p=7700","title":{"rendered":"Mtess habilita oficina de empleo y local de capacitaci\u00f3n para pobladores de Lambar\u00e9"},"content":{"rendered":"<p style=\"text-align: justify\"><span style=\"font-size: 16px\">Durante la ceremonia que se<br \/>\nrealiz\u00f3 en la Casa de la Cultura de la municipalidad, la ministra de<br \/>\nTrabajo, Carla Bacigalupo, hizo entrega de la Resoluci\u00f3n N\u00ba<br \/>\n732\/2021 al presidente de la C\u00e1mara de Comercio, Industria y<br \/>\nServicios de Lambar\u00e9, Carlos Salinas. Destac\u00f3 la importancia de la<br \/>\ncampa\u00f1a \u201cNo m\u00e1s covid\u201d para concienciar a la ciudadan\u00eda sobre<br \/>\nel cumplimiento de las medidas sanitarias para evitar el contagio del<br \/>\ncoronavirus y<br \/>\nque cuid\u00e1ndose entre<br \/>\ntodos se puede trabajar con el modocovid para mantener los puestos de<br \/>\ntrabajo.<\/span><\/p>\n<p style=\"text-align: justify\"><span style=\"font-size: 16px\">Por<br \/>\nsu parte el intendente de Lambar\u00e9, Guido Gonz\u00e1lez, tambi\u00e9n<br \/>\nenfatiz\u00f3 que el compromiso debe ser de todos para hacer frente al<br \/>\nCOVID-19, durante el acto que tambi\u00e9n con<br \/>\ncont\u00f3 con la presencia<br \/>\ndel diputado \u00c1ngel Mariano Paniagua; el<br \/>\nviceministro de Empleo, Celso Riveros; el secretario t\u00e9cnico del<br \/>\nSistema Nacional de Formaci\u00f3n y Capacitaci\u00f3n Laboral (Sinafocal),<br \/>\nAlfredo Mongel\u00f3s, entre otras autoridades.<\/span><\/p>\n<p style=\"text-align: justify\"><span style=\"font-size: 16px\">La<br \/>\nministra de Trabajo, manifest\u00f3 que el Gobierno ha implementado<br \/>\ndiversas medidas para sostener el empleo y entre<br \/>\nlas que mencion\u00f3 los<br \/>\ndiversos subsidios a los trabajadores formales<br \/>\na trav\u00e9s del Instituto de Previsi\u00f3n Social (IPS), as\u00ed como la<br \/>\nexoneraci\u00f3n de multas a las micro, peque\u00f1as y medianas empresas<br \/>\n(mipymes) para formalizarse como unidades de negocios, entre otras<br \/>\nmedidas.<\/span><\/p>\n<p style=\"text-align: justify\"><span style=\"font-size: 16px\">Hoy<br \/>\ntambi\u00e9n fue inaugurado un<br \/>\nnuevo local del Servio<br \/>\nNacional<br \/>\nde Promoci\u00f3n Profesional (SNPP)<br \/>\nen esta ciudad para ampliar su capacidad de brindar capacitaci\u00f3n<br \/>\npara el trabajo en diversas especialidades a los ciudadanos de<br \/>\nLambar\u00e9 para que tengan mayores posibilidades de acceder al mercado<br \/>\nlaboral. Tambi\u00e9n el Sinafocal present\u00f3<br \/>\nlas ofertas formativas que tiene proyectado<br \/>\npara el presente a\u00f1o en<br \/>\nla localidad vecina a la capital del pa\u00eds. Entre los cursos a ser<br \/>\nbrindados se encuentran las especialidades de<br \/>\nCommunity manager,<br \/>\nElaboraci\u00f3n y comercializaci\u00f3n<br \/>\nde alimentos,<br \/>\nIngles de di\u00e1logo<br \/>\ninteractivo,<br \/>\nManicura y pedicuro,<br \/>\nentre otros.  <\/span><\/p>\n","protected":false},"excerpt":{"rendered":"<p>En el marco de los festejos por los 59 a\u00f1os de la ciudad de Lambar\u00e9 que se conmemora este 5 de junio, el Ministerio de Trabajo, Empleo y Seguridad Social (Mtess) y la municipalidad de Lambar\u00e9 habilitaron hoy una oficina de empleo dentro del local municipal para atender a los buscadores de trabajo; adem\u00e1s, en la ocasi\u00f3n la cartera de Estado entreg\u00f3 la resoluci\u00f3n que declara de inter\u00e9s institucional la campa\u00f1a denominada \u201cNo m\u00e1s covid\u201d, impulsada por la C\u00e1mara de Comercio, Industria y Servicios de Lambar\u00e9.<\/p>\n","protected":false},"author":7,"featured_media":0,"comment_status":"open","ping_status":"open","sticky":false,"template":"","format":"standard","meta":{"_acf_changed":false,"_uag_custom_page_level_css":"","footnotes":""},"categories":[1],"tags":[],"class_list":["post-7700","post","type-post","status-publish","format-standard","hentry","category-sin-categoria"],"acf":[],"uagb_featured_image_src":{"full":false,"thumbnail":false,"medium":false,"medium_large":false,"large":false,"1536x1536":false,"2048x2048":false,"depicter-thumbnail":false},"uagb_author_info":{"display_name":"Lucas Santacruz","author_link":"https:\/\/www.mtess.gov.py\/?author=7"},"uagb_comment_info":0,"uagb_excerpt":"En el marco de los festejos por los 59 a\u00f1os de la ciudad de Lambar\u00e9 que se conmemora este 5 de junio, el Ministerio de Trabajo, Empleo y Seguridad Social (Mtess) y la municipalidad de Lambar\u00e9 habilitaron hoy una oficina de empleo dentro del local municipal para atender a los buscadores de trabajo; adem\u00e1s, en&hellip;","_links":{"self":[{"href":"https:\/\/www.mtess.gov.py\/index.php?rest_route=\/wp\/v2\/posts\/7700","targetHints":{"allow":["GET"]}}],"collection":[{"href":"https:\/\/www.mtess.gov.py\/index.php?rest_route=\/wp\/v2\/posts"}],"about":[{"href":"https:\/\/www.mtess.gov.py\/index.php?rest_route=\/wp\/v2\/types\/post"}],"author":[{"embeddable":true,"href":"https:\/\/www.mtess.gov.py\/index.php?rest_route=\/wp\/v2\/users\/7"}],"replies":[{"embeddable":true,"href":"https:\/\/www.mtess.gov.py\/index.php?rest_route=%2Fwp%2Fv2%2Fcomments&post=7700"}],"version-history":[{"count":0,"href":"https:\/\/www.mtess.gov.py\/index.php?rest_route=\/wp\/v2\/posts\/7700\/revisions"}],"wp:attachment":[{"href":"https:\/\/www.mtess.gov.py\/index.php?rest_route=%2Fwp%2Fv2%2Fmedia&parent=7700"}],"wp:term":[{"taxonomy":"category","embeddable":true,"href":"https:\/\/www.mtess.gov.py\/index.php?rest_route=%2Fwp%2Fv2%2Fcategories&post=7700"},{"taxonomy":"post_tag","embeddable":true,"href":"https:\/\/www.mtess.gov.py\/index.php?rest_route=%2Fwp%2Fv2%2Ftags&post=7700"}],"curies":[{"name":"wp","href":"https:\/\/api.w.org\/{rel}","templated":true}]}}