{"id":7703,"date":"2021-06-01T14:10:00","date_gmt":"2021-06-01T18:10:00","guid":{"rendered":"https:\/\/bi.mtess.gov.py\/v1\/?p=7703"},"modified":"2021-06-01T14:10:00","modified_gmt":"2021-06-01T18:10:00","slug":"ministros-de-trabajo-del-mercosur-analizaron-varios-temas-del-bloque-regional","status":"publish","type":"post","link":"https:\/\/www.mtess.gov.py\/?p=7703","title":{"rendered":"Ministros de Trabajo del Mercosur analizaron varios temas del bloque regional"},"content":{"rendered":"<p style=\"text-align: justify\"><span style=\"font-size: 16px\">La reuni\u00f3n fue realizada en el<br \/>\nmarco de la Presidencia Pro Tempore Argentina (PPTA) del Mercosur,<br \/>\ncon la participaci\u00f3n de Claudio Omar Moroni, ministro de Trabajo,<br \/>\nEmpleo y Seguridad Social de Argentina; Bruno Bianco, secretario<br \/>\nespecial de Seguridad Social y Trabajo de Brasil y Pablo Mieres,<br \/>\nministro de Trabajo y Seguridad Social de Uruguay. En la ocasi\u00f3n<br \/>\npresentaron adem\u00e1s la publicaci\u00f3n \u201cPol\u00edtica Sociolaboral del<br \/>\nMercosur 1991-2021\u201d y celebraron el trig\u00e9simo aniversario del<br \/>\nbloque regional.<\/span><\/p>\n<p style=\"text-align: justify\"><span style=\"font-size: 16px\">Cabe<br \/>\ndestacar que las reuniones t\u00e9cnicas de los \u00d3rganos Sociolaborales:<br \/>\nla Comisi\u00f3n Sociolaboral y Sub Grupo de Trabajo N\u00b0 10 \u201cAsuntos<br \/>\nLaborales, Empleo y Seguridad Social\u201d, iniciaron el 28 de abril del<br \/>\npresente a\u00f1o. Las mismas contaron con una alta participaci\u00f3n de los<br \/>\nactores sociales de los Estados Partes, y en las mismas se<br \/>\nestablecieron las principales acciones a ser desarrolladas por el<br \/>\nbloque con relaci\u00f3n a la formaci\u00f3n profesional, inspecci\u00f3n y<br \/>\nfiscalizaci\u00f3n, servicios p\u00fablicos de empleo, erradicaci\u00f3n del<br \/>\ntrabajo infantil y la salud y seguridad ocupacional.<\/span><\/p>\n","protected":false},"excerpt":{"rendered":"<p>La ministra de Trabajo, Carla Bacigalupo, particip\u00f3 hoy de la reuni\u00f3n virtual de ministros de Trabajo de los Estados Partes del Mercado Com\u00fan del Sur (Mercosur) para intercambiar opiniones para el fortalecimiento de la construcci\u00f3n de la dimensi\u00f3n sociolaboral del bloque regional, adem\u00e1s debatieron sobre los resultados de las reuniones t\u00e9cnicas y plenarias de los \u00d3rganos Sociolaborales y suscribieron la Declaraci\u00f3n de Ministros\/a y Altas Autoridades de Trabajo.<\/p>\n","protected":false},"author":7,"featured_media":0,"comment_status":"open","ping_status":"open","sticky":false,"template":"","format":"standard","meta":{"_acf_changed":false,"_uag_custom_page_level_css":"","footnotes":""},"categories":[1],"tags":[],"class_list":["post-7703","post","type-post","status-publish","format-standard","hentry","category-sin-categoria"],"acf":[],"uagb_featured_image_src":{"full":false,"thumbnail":false,"medium":false,"medium_large":false,"large":false,"1536x1536":false,"2048x2048":false,"depicter-thumbnail":false},"uagb_author_info":{"display_name":"Lucas Santacruz","author_link":"https:\/\/www.mtess.gov.py\/?author=7"},"uagb_comment_info":0,"uagb_excerpt":"La ministra de Trabajo, Carla Bacigalupo, particip\u00f3 hoy de la reuni\u00f3n virtual de ministros de Trabajo de los Estados Partes del Mercado Com\u00fan del Sur (Mercosur) para intercambiar opiniones para el fortalecimiento de la construcci\u00f3n de la dimensi\u00f3n sociolaboral del bloque regional, adem\u00e1s debatieron sobre los resultados de las reuniones t\u00e9cnicas y plenarias de los&hellip;","_links":{"self":[{"href":"https:\/\/www.mtess.gov.py\/index.php?rest_route=\/wp\/v2\/posts\/7703","targetHints":{"allow":["GET"]}}],"collection":[{"href":"https:\/\/www.mtess.gov.py\/index.php?rest_route=\/wp\/v2\/posts"}],"about":[{"href":"https:\/\/www.mtess.gov.py\/index.php?rest_route=\/wp\/v2\/types\/post"}],"author":[{"embeddable":true,"href":"https:\/\/www.mtess.gov.py\/index.php?rest_route=\/wp\/v2\/users\/7"}],"replies":[{"embeddable":true,"href":"https:\/\/www.mtess.gov.py\/index.php?rest_route=%2Fwp%2Fv2%2Fcomments&post=7703"}],"version-history":[{"count":0,"href":"https:\/\/www.mtess.gov.py\/index.php?rest_route=\/wp\/v2\/posts\/7703\/revisions"}],"wp:attachment":[{"href":"https:\/\/www.mtess.gov.py\/index.php?rest_route=%2Fwp%2Fv2%2Fmedia&parent=7703"}],"wp:term":[{"taxonomy":"category","embeddable":true,"href":"https:\/\/www.mtess.gov.py\/index.php?rest_route=%2Fwp%2Fv2%2Fcategories&post=7703"},{"taxonomy":"post_tag","embeddable":true,"href":"https:\/\/www.mtess.gov.py\/index.php?rest_route=%2Fwp%2Fv2%2Ftags&post=7703"}],"curies":[{"name":"wp","href":"https:\/\/api.w.org\/{rel}","templated":true}]}}