{"id":7714,"date":"2021-05-25T12:36:00","date_gmt":"2021-05-25T16:36:00","guid":{"rendered":"https:\/\/bi.mtess.gov.py\/v1\/?p=7714"},"modified":"2021-05-25T12:36:00","modified_gmt":"2021-05-25T16:36:00","slug":"el-consejo-consultivo-tripartito-presidido-por-el-ministerio-de-trabajo-solicito-al-parlamento-la-ratificacion-del-convenio-102-de-la-oit-sobre-seguridad-social","status":"publish","type":"post","link":"https:\/\/www.mtess.gov.py\/?p=7714","title":{"rendered":"El Consejo Consultivo Tripartito presidido por el Ministerio de Trabajo, solicit\u00f3 al Parlamento la ratificaci\u00f3n del Convenio 102 de la OIT sobre seguridad social"},"content":{"rendered":"<p style=\"text-align: justify\"><span style=\"font-size: 16px\">Este Convenio forma parte de los<br \/>\nesfuerzos del Gobierno nacional por formalizar el empleo y extender<br \/>\nla protecci\u00f3n social de los trabajadores. El Convenio brinda un<br \/>\nmarco institucional que permitir\u00e1 al pa\u00eds avanzar hacia la<br \/>\nuniversalidad e integralidad de la seguridad social.<\/span><\/p>\n<p style=\"text-align: justify\"><span style=\"font-size: 16px\"><br \/>\nEn d\u00edas<br \/>\nm\u00e1s, la ministra del Trabajo, con representantes empresariales, como<br \/>\nde los trabajadores, mantendr\u00e1n reuniones con el presidente y<br \/>\ncomisiones del Senado para lograr su ratificaci\u00f3n.  <\/span><\/p>\n","protected":false},"excerpt":{"rendered":"<p>Por nota de fecha viernes 17 de mayo la ministra de Trabajo, Carla Bacigalupo, y representantes de trabajadores y empleadores que integran el Consejo Consultivo Tripartito, presentaron una nota al Poder Legislativo, a fin de solicitar el tratamiento del Proyecto de Ley, por el cual el Estado paraguayo ratifica el Convenio 102 de la Organizaci\u00f3n Internacional del Trabajo (OIT), referente a la Seguridad Social, que ya hab\u00eda sido presentado al Congreso por la cartera de Estado en el a\u00f1o 2019, para su ratificaci\u00f3n.<\/p>\n","protected":false},"author":7,"featured_media":0,"comment_status":"open","ping_status":"open","sticky":false,"template":"","format":"standard","meta":{"_acf_changed":false,"_uag_custom_page_level_css":"","footnotes":""},"categories":[1],"tags":[],"class_list":["post-7714","post","type-post","status-publish","format-standard","hentry","category-sin-categoria"],"acf":[],"uagb_featured_image_src":{"full":false,"thumbnail":false,"medium":false,"medium_large":false,"large":false,"1536x1536":false,"2048x2048":false,"depicter-thumbnail":false},"uagb_author_info":{"display_name":"Lucas Santacruz","author_link":"https:\/\/www.mtess.gov.py\/?author=7"},"uagb_comment_info":0,"uagb_excerpt":"Por nota de fecha viernes 17 de mayo la ministra de Trabajo, Carla Bacigalupo, y representantes de trabajadores y empleadores que integran el Consejo Consultivo Tripartito, presentaron una nota al Poder Legislativo, a fin de solicitar el tratamiento del Proyecto de Ley, por el cual el Estado paraguayo ratifica el Convenio 102 de la Organizaci\u00f3n&hellip;","_links":{"self":[{"href":"https:\/\/www.mtess.gov.py\/index.php?rest_route=\/wp\/v2\/posts\/7714","targetHints":{"allow":["GET"]}}],"collection":[{"href":"https:\/\/www.mtess.gov.py\/index.php?rest_route=\/wp\/v2\/posts"}],"about":[{"href":"https:\/\/www.mtess.gov.py\/index.php?rest_route=\/wp\/v2\/types\/post"}],"author":[{"embeddable":true,"href":"https:\/\/www.mtess.gov.py\/index.php?rest_route=\/wp\/v2\/users\/7"}],"replies":[{"embeddable":true,"href":"https:\/\/www.mtess.gov.py\/index.php?rest_route=%2Fwp%2Fv2%2Fcomments&post=7714"}],"version-history":[{"count":0,"href":"https:\/\/www.mtess.gov.py\/index.php?rest_route=\/wp\/v2\/posts\/7714\/revisions"}],"wp:attachment":[{"href":"https:\/\/www.mtess.gov.py\/index.php?rest_route=%2Fwp%2Fv2%2Fmedia&parent=7714"}],"wp:term":[{"taxonomy":"category","embeddable":true,"href":"https:\/\/www.mtess.gov.py\/index.php?rest_route=%2Fwp%2Fv2%2Fcategories&post=7714"},{"taxonomy":"post_tag","embeddable":true,"href":"https:\/\/www.mtess.gov.py\/index.php?rest_route=%2Fwp%2Fv2%2Ftags&post=7714"}],"curies":[{"name":"wp","href":"https:\/\/api.w.org\/{rel}","templated":true}]}}