{"id":7715,"date":"2021-05-24T16:54:00","date_gmt":"2021-05-24T20:54:00","guid":{"rendered":"https:\/\/bi.mtess.gov.py\/v1\/?p=7715"},"modified":"2021-05-24T16:54:00","modified_gmt":"2021-05-24T20:54:00","slug":"ministra-de-trabajo-analizo-proyecto-de-ley-de-seguro-de-desempleo-con-el-diputado-raul-latorre","status":"publish","type":"post","link":"https:\/\/www.mtess.gov.py\/?p=7715","title":{"rendered":"Ministra de Trabajo analiz\u00f3 proyecto de ley de seguro de desempleo con el diputado Ra\u00fal Latorre"},"content":{"rendered":"<p style=\"text-align: justify\"><span style=\"font-size: 16px\">Bacigalupo manifest\u00f3 que el<br \/>\nprop\u00f3sito es que avance su estudio en las comisiones pertinentes y<br \/>\nque as\u00ed como se analiz\u00f3 en el seno del tripartismo, que ese mismo<br \/>\ndi\u00e1logo social y la participaci\u00f3n de diferentes sectores tambi\u00e9n<br \/>\npueda darse en el seno de la C\u00e1mara de Diputados, de manera a<br \/>\nfortalecer entre todos una propuesta legislativa acorde a las<br \/>\nnecesidades, sobre todo teniendo en cuenta el momento cr\u00edtico a<br \/>\ncausa de la pandemia en el mercado laboral.<\/span><\/p>\n<p style=\"text-align: justify\"><span style=\"font-size: 16px\">El<br \/>\nproyecto de ley de seguro desempleo tiene como prop\u00f3sito proteger al<br \/>\ntrabajador en caso de despido injustificado o motivos ajenos a su<br \/>\nvoluntad, as\u00ed como a causa de la suspensi\u00f3n de su contrato o<br \/>\nreducci\u00f3n de la jornada laboral, entre otros. Se pretende contar con<br \/>\nun instrumento legal de protecci\u00f3n del ingreso de los trabajadores<br \/>\nformales del sector privado.<\/span><\/p>\n<p style=\"text-align: justify\"><span style=\"font-size: 16px\">\u201cB\u00e1sicamente<br \/>\nlo que hace el seguro de desempleo es proteger el ingreso del<br \/>\ntrabajador, porque ustedes saben que eso est\u00e1 ligado directamente<br \/>\ncon el \u00edndice de la pobreza, ya que m\u00e1s del 80% de ingreso de una<br \/>\nfamilia pobre tiene que ver con el ingreso laboral\u201d, dijo la<br \/>\nministra al considerar de vital importancia su aprobaci\u00f3n para el<br \/>\npa\u00eds, que junto a Bolivia son los \u00fanicos que a\u00fan no cuentan con la<br \/>\nnorma.<\/span><\/p>\n<p style=\"text-align: justify\"><span style=\"font-size: 16px\">El<br \/>\nmodelo que se propone implementar es una protecci\u00f3n del trabajador<br \/>\ndurante 6 meses, periodo en el cual el beneficiario debe mantener una<br \/>\nb\u00fasqueda activa de empleo, que ser\u00e1 motivo principal para que siga<br \/>\nsiendo favorecido con la norma de seguro de desempleo. La ministra de<br \/>\nTrabajo se\u00f1al\u00f3 que el proyecto de ley contempla todas las<br \/>\nsituaciones observas que puedan presentarse a los trabajadores.<br \/>\nAsimismo, remarc\u00f3 que servir\u00e1 para la formalizaci\u00f3n de las mipymes<br \/>\npara que sus trabajadores puedan estar protegidos bajo esta figura.<\/span><\/p>\n<p style=\"text-align: justify\"><strong><span style=\"font-size: 16px\">AUDIENCIA<br \/>\nP\u00daBLICA<\/span><\/strong><\/p>\n<p style=\"text-align: justify\"><span style=\"font-size: 16px\">El<br \/>\npresidente de Comisi\u00f3n de Justicia y Trabajo de la C\u00e1mara Baja, el<br \/>\ndiputado Ra\u00fal Latorre, dijo que la idea es realizar audiencia<br \/>\np\u00fablica. \u201cEst\u00e1 pensado tener un gran debate social nacional con<br \/>\nlos diferentes actores involucrados, tanto del sector empresarial<br \/>\ncomo las centrales obreras, por su puesto el Estado, para tratar de<br \/>\nconstruir un gran consenso en base a los diferentes puntos de vista<br \/>\nsobre esta situaci\u00f3n tan sensible y tan necesaria\u201d, indic\u00f3<br \/>\nLatorre.<\/span><\/p>\n","protected":false},"excerpt":{"rendered":"<p>La ministra de Trabajo, Carla Bacigalupo, se reuni\u00f3 en la ma\u00f1ana de hoy con el diputado Ra\u00fal Latorre, presidente de la Comisi\u00f3n de Justicia y Trabajo de la C\u00e1mara Baja del Poder Legislativo, a fin de analizar el proyecto de ley de seguro de desempleo, impulsado por la cartera de Estado y que fue elaborado conjuntamente con representantes de gremios empresariales, de los trabajadores y t\u00e9cnicos de la Organizaci\u00f3n Internacional del Trabajo (OIT).<\/p>\n","protected":false},"author":7,"featured_media":0,"comment_status":"open","ping_status":"open","sticky":false,"template":"","format":"standard","meta":{"_acf_changed":false,"_uag_custom_page_level_css":"","footnotes":""},"categories":[1],"tags":[],"class_list":["post-7715","post","type-post","status-publish","format-standard","hentry","category-sin-categoria"],"acf":[],"uagb_featured_image_src":{"full":false,"thumbnail":false,"medium":false,"medium_large":false,"large":false,"1536x1536":false,"2048x2048":false,"depicter-thumbnail":false},"uagb_author_info":{"display_name":"Lucas Santacruz","author_link":"https:\/\/www.mtess.gov.py\/?author=7"},"uagb_comment_info":0,"uagb_excerpt":"La ministra de Trabajo, Carla Bacigalupo, se reuni\u00f3 en la ma\u00f1ana de hoy con el diputado Ra\u00fal Latorre, presidente de la Comisi\u00f3n de Justicia y Trabajo de la C\u00e1mara Baja del Poder Legislativo, a fin de analizar el proyecto de ley de seguro de desempleo, impulsado por la cartera de Estado y que fue elaborado&hellip;","_links":{"self":[{"href":"https:\/\/www.mtess.gov.py\/index.php?rest_route=\/wp\/v2\/posts\/7715","targetHints":{"allow":["GET"]}}],"collection":[{"href":"https:\/\/www.mtess.gov.py\/index.php?rest_route=\/wp\/v2\/posts"}],"about":[{"href":"https:\/\/www.mtess.gov.py\/index.php?rest_route=\/wp\/v2\/types\/post"}],"author":[{"embeddable":true,"href":"https:\/\/www.mtess.gov.py\/index.php?rest_route=\/wp\/v2\/users\/7"}],"replies":[{"embeddable":true,"href":"https:\/\/www.mtess.gov.py\/index.php?rest_route=%2Fwp%2Fv2%2Fcomments&post=7715"}],"version-history":[{"count":0,"href":"https:\/\/www.mtess.gov.py\/index.php?rest_route=\/wp\/v2\/posts\/7715\/revisions"}],"wp:attachment":[{"href":"https:\/\/www.mtess.gov.py\/index.php?rest_route=%2Fwp%2Fv2%2Fmedia&parent=7715"}],"wp:term":[{"taxonomy":"category","embeddable":true,"href":"https:\/\/www.mtess.gov.py\/index.php?rest_route=%2Fwp%2Fv2%2Fcategories&post=7715"},{"taxonomy":"post_tag","embeddable":true,"href":"https:\/\/www.mtess.gov.py\/index.php?rest_route=%2Fwp%2Fv2%2Ftags&post=7715"}],"curies":[{"name":"wp","href":"https:\/\/api.w.org\/{rel}","templated":true}]}}