{"id":7717,"date":"2021-05-21T14:54:00","date_gmt":"2021-05-21T18:54:00","guid":{"rendered":"https:\/\/bi.mtess.gov.py\/v1\/?p=7717"},"modified":"2021-05-21T14:54:00","modified_gmt":"2021-05-21T18:54:00","slug":"presentaron-el-observatorio-nacional-de-la-ninez-y-la-adolescencia-del-paraguay-onnap","status":"publish","type":"post","link":"https:\/\/www.mtess.gov.py\/?p=7717","title":{"rendered":"Presentaron el Observatorio Nacional de la Ni\u00f1ez y la Adolescencia del Paraguay (Onnap)"},"content":{"rendered":"<p style=\"text-align: justify\"><span style=\"font-size: 16px\">La palabra de apertura estuvo a<br \/>\ncargo de Mariela G\u00f3mez, directora general de Protecci\u00f3n a la Ni\u00f1ez y<br \/>\nAdolescencia del Mtess, en su car\u00e1cter de coordinadora de la<br \/>\nComisi\u00f3n Nacional de Erradicaci\u00f3n del Trabajo Infantil, quien<br \/>\ndestac\u00f3 que el Observatorio Nacional de Ni\u00f1ez y Adolescencia, es<br \/>\nuna herramienta que ser\u00e1 beneficiosa, al momento de conocer la<br \/>\nsituaci\u00f3n estad\u00edstica de ni\u00f1os ni\u00f1as y adolescentes especialmente<br \/>\nen el \u00e1rea trabajo infantil.<\/span><\/p>\n<p style=\"text-align: justify\"><span style=\"font-size: 16px\">Seguidamente<br \/>\nexpuso el viceministro de Trabajo, Luis Oru\u00e9, quien  manifiesto su<br \/>\nsatisfacci\u00f3n a la propuesta del Ministerio de la Ni\u00f1ez, ya que con<br \/>\ndatos actuales no solo se mejorar\u00eda la integraci\u00f3n de las pol\u00edticas<br \/>\np\u00fablicas y programas sociales dirigidos a la reducci\u00f3n y prevenci\u00f3n<br \/>\ndel trabajo infantil, incluyendo sus peores formas, sino que tambi\u00e9n<br \/>\nse estar\u00eda dando respuesta a la comisi\u00f3n de expertos de la<br \/>\nOrganizaci\u00f3n Internacional del Trabajo (OIT), que en reiteradas<br \/>\nocasiones ha recomendado a Paraguay que cuente con datos estad\u00edsticos<br \/>\nactuales.<\/span><\/p>\n<p style=\"text-align: justify\"><span style=\"font-size: 16px\">Por<br \/>\nsu parte el viceministro  de Planificaci\u00f3n, Programas y Proyectos,<br \/>\nDr. Walter Guti\u00e9rrez, mencion\u00f3 que el observatorio nacional incluye<br \/>\nadem\u00e1s de  informaci\u00f3n sobre trabajo infantil desde la perspectiva<br \/>\nde programas de protecci\u00f3n, datos de las familias, de la situaci\u00f3n<br \/>\nlaboral, escolarizaci\u00f3n en el eje de prevenci\u00f3n as\u00ed como otros<br \/>\ndatos en el eje de promoci\u00f3n, lo que permitir\u00e1 conocer no solo la<br \/>\nvulneraci\u00f3n de derechos, sino tambi\u00e9n la promoci\u00f3n de los mismos.<br \/>\n<\/span><\/p>\n<p style=\"text-align: justify\"><span style=\"font-size: 16px\">En<br \/>\nese mismo contexto la directora de Informaci\u00f3n Estrat\u00e9gica, Edith<br \/>\nArr\u00faa, present\u00f3 un mapa conceptual de las regiones de donde han<br \/>\nrecabado informaci\u00f3n, y  puso a disposici\u00f3n del auditorio el link<br \/>\nde ingreso a la plataforma para conocimiento general de tan valiosa<br \/>\nherramienta, que permitir\u00e1 a la vez alimentar m\u00e1s datos conforme<br \/>\nvayan facilitando informaciones interinstitucionales.<\/span><\/p>\n<p style=\"text-align: justify\"><span style=\"font-size: 16px\">En<br \/>\nlos \u00faltimos a\u00f1os, han sido importante los avances en el combate al<br \/>\ntrabajo infantil, que son reflejados en el seguimiento de la<br \/>\nEstrategia Nacional de Erradicaci\u00f3n de Trabajo Infantil y Protecci\u00f3n<br \/>\ndel Trabajo Adolescente 2019-2024, aprobada por el Consejo de la<br \/>\nNi\u00f1ez y la Adolescencia en el 2019, donde se re\u00fanen los indicadores<br \/>\ny las acciones para mantener la reducci\u00f3n obtenida en trabajo<br \/>\ninfantil en la reactivaci\u00f3n econ\u00f3mica.<\/span><\/p>\n","protected":false},"excerpt":{"rendered":"<p>El Ministerio de Trabajo, Empleo y Seguridad Social (Mtess), en el marco del A\u00f1o Internacional de la Eliminaci\u00f3n del Trabajo Infantil y Protecci\u00f3n del Trabajo Adolescente, desde la coordinaci\u00f3n de la Comisi\u00f3n Nacional de Erradicaci\u00f3n del Trabajo Infantil, ha participado de la presentaci\u00f3n del Observatorio Nacional de la Ni\u00f1ez y la Adolescencia del Paraguay (Onnap), realizado este jueves 20 de mayo en el Gran Hotel del Paraguay.<\/p>\n","protected":false},"author":7,"featured_media":0,"comment_status":"open","ping_status":"open","sticky":false,"template":"","format":"standard","meta":{"_acf_changed":false,"_uag_custom_page_level_css":"","footnotes":""},"categories":[1],"tags":[],"class_list":["post-7717","post","type-post","status-publish","format-standard","hentry","category-sin-categoria"],"acf":[],"uagb_featured_image_src":{"full":false,"thumbnail":false,"medium":false,"medium_large":false,"large":false,"1536x1536":false,"2048x2048":false,"depicter-thumbnail":false},"uagb_author_info":{"display_name":"Lucas Santacruz","author_link":"https:\/\/www.mtess.gov.py\/?author=7"},"uagb_comment_info":0,"uagb_excerpt":"El Ministerio de Trabajo, Empleo y Seguridad Social (Mtess), en el marco del A\u00f1o Internacional de la Eliminaci\u00f3n del Trabajo Infantil y Protecci\u00f3n del Trabajo Adolescente, desde la coordinaci\u00f3n de la Comisi\u00f3n Nacional de Erradicaci\u00f3n del Trabajo Infantil, ha participado de la presentaci\u00f3n del Observatorio Nacional de la Ni\u00f1ez y la Adolescencia del Paraguay (Onnap),&hellip;","_links":{"self":[{"href":"https:\/\/www.mtess.gov.py\/index.php?rest_route=\/wp\/v2\/posts\/7717","targetHints":{"allow":["GET"]}}],"collection":[{"href":"https:\/\/www.mtess.gov.py\/index.php?rest_route=\/wp\/v2\/posts"}],"about":[{"href":"https:\/\/www.mtess.gov.py\/index.php?rest_route=\/wp\/v2\/types\/post"}],"author":[{"embeddable":true,"href":"https:\/\/www.mtess.gov.py\/index.php?rest_route=\/wp\/v2\/users\/7"}],"replies":[{"embeddable":true,"href":"https:\/\/www.mtess.gov.py\/index.php?rest_route=%2Fwp%2Fv2%2Fcomments&post=7717"}],"version-history":[{"count":0,"href":"https:\/\/www.mtess.gov.py\/index.php?rest_route=\/wp\/v2\/posts\/7717\/revisions"}],"wp:attachment":[{"href":"https:\/\/www.mtess.gov.py\/index.php?rest_route=%2Fwp%2Fv2%2Fmedia&parent=7717"}],"wp:term":[{"taxonomy":"category","embeddable":true,"href":"https:\/\/www.mtess.gov.py\/index.php?rest_route=%2Fwp%2Fv2%2Fcategories&post=7717"},{"taxonomy":"post_tag","embeddable":true,"href":"https:\/\/www.mtess.gov.py\/index.php?rest_route=%2Fwp%2Fv2%2Ftags&post=7717"}],"curies":[{"name":"wp","href":"https:\/\/api.w.org\/{rel}","templated":true}]}}