{"id":7719,"date":"2021-05-20T19:00:00","date_gmt":"2021-05-20T23:00:00","guid":{"rendered":"https:\/\/bi.mtess.gov.py\/v1\/?p=7719"},"modified":"2021-05-20T19:00:00","modified_gmt":"2021-05-20T23:00:00","slug":"planifican-actividades-conmemorativas-para-el-dia-mundial-contra-el-trabajo-infantil","status":"publish","type":"post","link":"https:\/\/www.mtess.gov.py\/?p=7719","title":{"rendered":"Planifican actividades conmemorativas para el \u201cD\u00eda Mundial contra el Trabajo Infantil\u201d"},"content":{"rendered":"<p><span style=\"font-size: 16px\">Adem\u00e1s de las actividades<br \/>\npropuestas por los diferentes sectores, se ha planteado la<br \/>\noperativizaci\u00f3n del proyecto de abordaje a la ni\u00f1ez en situaci\u00f3n<br \/>\nde trabajo infantil en calle establecida expresamente en el Decreto<br \/>\n4951\/2005, que reglamenta el Convenio 182 de la Organizaci\u00f3n<br \/>\nInternacional del Trabajo (OIT), ratificado por Paraguay en la Ley<br \/>\n1657\/01.<\/span><\/p>\n<p style=\"text-align: justify\"><span style=\"font-size: 16px\">El<br \/>\nprincipal objetivo del proyecto es acompa\u00f1ar en el abordaje a nivel<br \/>\ntripartito, con actores de la sociedad civil, para relevamiento de<br \/>\ndatos y la vinculaci\u00f3n a los programas sociales, educaci\u00f3n u otro<br \/>\nque se necesite.<\/span><\/p>\n<p style=\"text-align: justify\"><span style=\"font-size: 16px\">Adem\u00e1s<br \/>\nla comisi\u00f3n ha solicitado la creaci\u00f3n de una subcomisi\u00f3n para el<br \/>\nseguimiento, inicialmente estar\u00eda compuesto por: MDS, Minna, Unicef,<br \/>\nSTP, Mtess, que buscar\u00eda a trav\u00e9s de la articulaci\u00f3n<br \/>\ninterinstitucional dar soluciones de fondo a esta problem\u00e1tica y as\u00ed<br \/>\ncoadyuvar al sistema DRI, que lleva adelante el Ministerio de Ni\u00f1ez<br \/>\ny la Adolescencia como ente rector de pol\u00edticas de ni\u00f1ez y<br \/>\nadolescencia.<\/span><\/p>\n<p style=\"text-align: justify\"><span style=\"font-size: 16px\">Es<br \/>\nimportante mencionar, que esta actividad se encuentra enmarcada en<br \/>\nlos indicadores de los ejes de la Estrategia Nacional de Erradicaci\u00f3n<br \/>\nde Trabajo Infantil y Protecci\u00f3n del Trabajo Adolescente 2019-2024.<\/span><\/p>\n","protected":false},"excerpt":{"rendered":"<p>La Comisi\u00f3n Nacional de Erradicaci\u00f3n de Trabajo Infantil y Protecci\u00f3n del Trabajo Adolescente, realiz\u00f3 la segunda reuni\u00f3n extraordinaria en lo que va del a\u00f1o para la planificaci\u00f3n de actividades conmemorativas del 12 de junio \u201cD\u00eda Mundial contra el Trabajo Infantil\u201d en el a\u00f1o Internacional de Eliminaci\u00f3n del Trabajo Infantil y Protecci\u00f3n del Trabajo Adolescente.<\/p>\n","protected":false},"author":7,"featured_media":0,"comment_status":"open","ping_status":"open","sticky":false,"template":"","format":"standard","meta":{"_acf_changed":false,"_uag_custom_page_level_css":"","footnotes":""},"categories":[1],"tags":[],"class_list":["post-7719","post","type-post","status-publish","format-standard","hentry","category-sin-categoria"],"acf":[],"uagb_featured_image_src":{"full":false,"thumbnail":false,"medium":false,"medium_large":false,"large":false,"1536x1536":false,"2048x2048":false,"depicter-thumbnail":false},"uagb_author_info":{"display_name":"Lucas Santacruz","author_link":"https:\/\/www.mtess.gov.py\/?author=7"},"uagb_comment_info":0,"uagb_excerpt":"La Comisi\u00f3n Nacional de Erradicaci\u00f3n de Trabajo Infantil y Protecci\u00f3n del Trabajo Adolescente, realiz\u00f3 la segunda reuni\u00f3n extraordinaria en lo que va del a\u00f1o para la planificaci\u00f3n de actividades conmemorativas del 12 de junio \u201cD\u00eda Mundial contra el Trabajo Infantil\u201d en el a\u00f1o Internacional de Eliminaci\u00f3n del Trabajo Infantil y Protecci\u00f3n del Trabajo Adolescente.","_links":{"self":[{"href":"https:\/\/www.mtess.gov.py\/index.php?rest_route=\/wp\/v2\/posts\/7719","targetHints":{"allow":["GET"]}}],"collection":[{"href":"https:\/\/www.mtess.gov.py\/index.php?rest_route=\/wp\/v2\/posts"}],"about":[{"href":"https:\/\/www.mtess.gov.py\/index.php?rest_route=\/wp\/v2\/types\/post"}],"author":[{"embeddable":true,"href":"https:\/\/www.mtess.gov.py\/index.php?rest_route=\/wp\/v2\/users\/7"}],"replies":[{"embeddable":true,"href":"https:\/\/www.mtess.gov.py\/index.php?rest_route=%2Fwp%2Fv2%2Fcomments&post=7719"}],"version-history":[{"count":0,"href":"https:\/\/www.mtess.gov.py\/index.php?rest_route=\/wp\/v2\/posts\/7719\/revisions"}],"wp:attachment":[{"href":"https:\/\/www.mtess.gov.py\/index.php?rest_route=%2Fwp%2Fv2%2Fmedia&parent=7719"}],"wp:term":[{"taxonomy":"category","embeddable":true,"href":"https:\/\/www.mtess.gov.py\/index.php?rest_route=%2Fwp%2Fv2%2Fcategories&post=7719"},{"taxonomy":"post_tag","embeddable":true,"href":"https:\/\/www.mtess.gov.py\/index.php?rest_route=%2Fwp%2Fv2%2Ftags&post=7719"}],"curies":[{"name":"wp","href":"https:\/\/api.w.org\/{rel}","templated":true}]}}