{"id":7720,"date":"2021-05-19T16:08:00","date_gmt":"2021-05-19T20:08:00","guid":{"rendered":"https:\/\/bi.mtess.gov.py\/v1\/?p=7720"},"modified":"2021-05-19T16:08:00","modified_gmt":"2021-05-19T20:08:00","slug":"el-gobierno-lanza-plan-de-capacitacion-para-sectores-vulnerables-de-asuncion-a-traves-del-ministerio-de-trabajo","status":"publish","type":"post","link":"https:\/\/www.mtess.gov.py\/?p=7720","title":{"rendered":"El Gobierno lanza plan de capacitaci\u00f3n para sectores vulnerables de Asunci\u00f3n a trav\u00e9s del Ministerio de Trabajo"},"content":{"rendered":"<p style=\"text-align: justify\"><span style=\"font-size: 16px\">El<br \/>\nevento de la<br \/>\npresentaci\u00f3n de la iniciativa denominada<br \/>\n\u00abCapacitate en tu<br \/>\nciudad con escuela m\u00f3vil del SNPP\u201d, se<br \/>\nrealiz\u00f3 en el sector litoral del del<br \/>\nPalacio de Gobierno con la<br \/>\npresencia del presidente de la Rep\u00fablica, Mario Abdo Ben\u00edtez; la<br \/>\nministra de Trabajo, Carla Bacigalupo, el vicario de la Arquidi\u00f3cesis<br \/>\nde Asunci\u00f3n, padre \u00d3scar Rom\u00e1n Gonz\u00e1lez y otras autoridades. El<br \/>\nobjetivo es<br \/>\nllegar a toda la poblaci\u00f3n<br \/>\nmediante simuladores m\u00f3viles, bus<br \/>\nescuela, con especialistas<br \/>\nde cada \u00e1rea y la formaci\u00f3n se har\u00e1 en manejo de maquinarias<br \/>\npesadas, pala cargadora y motoniveladora. Por<br \/>\nahora estar\u00e1 en diferentes zonas de la capital del pa\u00eds,<br \/>\nposteriormente se llevar\u00e1 a diferentes puntos del pa\u00eds.<\/span><\/p>\n<p style=\"text-align: justify\"><span style=\"font-size: 16px\"><br \/>\nAdem\u00e1s,<br \/>\nmediante el Programa de<br \/>\nCertificaci\u00f3n Ocupacional del Servicio Nacional de Promoci\u00f3n<br \/>\nProfesional (SNPP) comenz\u00f3<br \/>\nen la costanera, el<br \/>\nreconocimiento oficial de los conocimientos emp\u00edricos y las<br \/>\ndestrezas adquiridas de un trabajador a trav\u00e9s de la experiencia<br \/>\nlaboral o por el ejercicio de una ocupaci\u00f3n. Desde<br \/>\nla ma\u00f1ana gran cantidad de trabajadores se acercaron para someterse<br \/>\na las pruebas sobre construcci\u00f3n,<br \/>\nayudante alba\u00f1il, oficial alba\u00f1il, maestro en obras, pintor de<br \/>\nobras, instalador electricista domiciliario, mantenimiento y<br \/>\nreparaci\u00f3n de equipos de refrigeraci\u00f3n, electricista del autom\u00f3vil,<br \/>\nchapista del autom\u00f3vil, gastronom\u00eda, cocinero, panadero, entre<br \/>\notras especialidades.<br \/>\nLos<br \/>\notros entes de capacitaci\u00f3n del Mtess tambi\u00e9n forman parte del<br \/>\nprograma de dotar de conocimientos profesionales para el trabajo a<br \/>\nlos pobladores de los sectores vulnerables. El Sistema Nacional de<br \/>\nFormaci\u00f3n y Capacitaci\u00f3n Laboral (Sinafocal), impartir\u00e1 cursos de<br \/>\nelaboraci\u00f3n y comercializaci\u00f3n de alimentos, y elaboraci\u00f3n de<br \/>\nproductos de limpieza, incluyendo kits de insumos a los alumnos, y el<br \/>\nCentro de Entrenamiento del Emprendedor (CEE) desarrollar\u00e1 formaci\u00f3n<br \/>\nen emprendedurismo para aumentar las competencias de los<br \/>\nemprendedores para crear sus propios negocios o para el mantenimiento<br \/>\nen el tiempo de los que ya tienen una actividad rentable a trav\u00e9s de<br \/>\nla orientaci\u00f3n, capacitaci\u00f3n y asistencia t\u00e9cnica integral.<\/span><\/p>\n<p style=\"text-align: justify\"><span style=\"font-size: 16px\">Durante<br \/>\nla ceremonia la ministra de Trabajo, Carla Bacigalupo, manifest\u00f3 que<br \/>\nel programa de capacitaci\u00f3n a sectores vulnerables beneficiar\u00e1 este<br \/>\na\u00f1o a alrededor de 1.000 familias. \u201cEl primer bus escuela de SNPP<br \/>\nest\u00e1 listo para capacitar a compatriotas en manejo de m\u00e1quinas<br \/>\npesadas y elegimos este oficio porque es uno de los m\u00e1s requeridos<br \/>\npor el mercado de trabajo, gracias a la inversi\u00f3n del Gobierno<br \/>\nnacional en obras de infraestructuras. Hoy tenemos miles de pedidos<br \/>\nde consorcios de empresas de construcci\u00f3n que nos requieren aulas<br \/>\nm\u00f3viles simuladores para poder empoderar y capacitar a los<br \/>\npobladores, porque a eso nos comprometimos desde el inicio, de<br \/>\ngenerar mano de obra calificada para el empleo en la comunidad\u201d,<br \/>\nse\u00f1al\u00f3 Bacigulupo.<\/span><\/p>\n<p style=\"text-align: justify\"><span style=\"font-size: 16px\">Para<br \/>\nm\u00e1s informaciones e inscripciones, los interesados deber\u00e1n<br \/>\ncomunicarse de 8:00 a 15:00 a los siguientes n\u00fameros: 0981450219 y<br \/>\n0981362093.<\/span><\/p>\n","protected":false},"excerpt":{"rendered":"<p>El Gobierno nacional lanz\u00f3 en la ma\u00f1ana de hoy un programa de capacitaci\u00f3n para sectores vulnerables de Asunci\u00f3n a trav\u00e9s de los entes de formaci\u00f3n del Ministerio de Trabajo, Empleo y Seguridad Social (Mtess), en alianza con la Pastoral Social Arquidiocesana de Asunci\u00f3n, en el marco de la estrategia nacional de formaci\u00f3n profesional para mejorar las posibilidades de empleo de j\u00f3venes y adultos.<\/p>\n","protected":false},"author":7,"featured_media":0,"comment_status":"open","ping_status":"open","sticky":false,"template":"","format":"standard","meta":{"_acf_changed":false,"_uag_custom_page_level_css":"","footnotes":""},"categories":[1],"tags":[],"class_list":["post-7720","post","type-post","status-publish","format-standard","hentry","category-sin-categoria"],"acf":[],"uagb_featured_image_src":{"full":false,"thumbnail":false,"medium":false,"medium_large":false,"large":false,"1536x1536":false,"2048x2048":false,"depicter-thumbnail":false},"uagb_author_info":{"display_name":"Lucas Santacruz","author_link":"https:\/\/www.mtess.gov.py\/?author=7"},"uagb_comment_info":0,"uagb_excerpt":"El Gobierno nacional lanz\u00f3 en la ma\u00f1ana de hoy un programa de capacitaci\u00f3n para sectores vulnerables de Asunci\u00f3n a trav\u00e9s de los entes de formaci\u00f3n del Ministerio de Trabajo, Empleo y Seguridad Social (Mtess), en alianza con la Pastoral Social Arquidiocesana de Asunci\u00f3n, en el marco de la estrategia nacional de formaci\u00f3n profesional para mejorar&hellip;","_links":{"self":[{"href":"https:\/\/www.mtess.gov.py\/index.php?rest_route=\/wp\/v2\/posts\/7720","targetHints":{"allow":["GET"]}}],"collection":[{"href":"https:\/\/www.mtess.gov.py\/index.php?rest_route=\/wp\/v2\/posts"}],"about":[{"href":"https:\/\/www.mtess.gov.py\/index.php?rest_route=\/wp\/v2\/types\/post"}],"author":[{"embeddable":true,"href":"https:\/\/www.mtess.gov.py\/index.php?rest_route=\/wp\/v2\/users\/7"}],"replies":[{"embeddable":true,"href":"https:\/\/www.mtess.gov.py\/index.php?rest_route=%2Fwp%2Fv2%2Fcomments&post=7720"}],"version-history":[{"count":0,"href":"https:\/\/www.mtess.gov.py\/index.php?rest_route=\/wp\/v2\/posts\/7720\/revisions"}],"wp:attachment":[{"href":"https:\/\/www.mtess.gov.py\/index.php?rest_route=%2Fwp%2Fv2%2Fmedia&parent=7720"}],"wp:term":[{"taxonomy":"category","embeddable":true,"href":"https:\/\/www.mtess.gov.py\/index.php?rest_route=%2Fwp%2Fv2%2Fcategories&post=7720"},{"taxonomy":"post_tag","embeddable":true,"href":"https:\/\/www.mtess.gov.py\/index.php?rest_route=%2Fwp%2Fv2%2Ftags&post=7720"}],"curies":[{"name":"wp","href":"https:\/\/api.w.org\/{rel}","templated":true}]}}