{"id":7764,"date":"2021-04-13T16:15:00","date_gmt":"2021-04-13T20:15:00","guid":{"rendered":"https:\/\/bi.mtess.gov.py\/v1\/?p=7764"},"modified":"2021-04-13T16:15:00","modified_gmt":"2021-04-13T20:15:00","slug":"mtess-remitio-buenas-practicas-de-paraguay-a-la-unidad-ejecutora-del-plan-regional-de-mercosur-de-erradicacion-de-trabajo-infantil","status":"publish","type":"post","link":"https:\/\/www.mtess.gov.py\/?p=7764","title":{"rendered":"Mtess remiti\u00f3 buenas pr\u00e1cticas de Paraguay a la Unidad Ejecutora del Plan Regional de Mercosur de Erradicaci\u00f3n de Trabajo Infantil"},"content":{"rendered":"<p style=\"text-align: justify\"><span style=\"font-size: 16px\">La Recomendaci\u00f3n N\u00b02\/21 del<br \/>\nConsejo del Mercado Com\u00fan ha considerado la \u201cDeclaraci\u00f3n de los<br \/>\nMinistros y Altas Autoridades Nacionales del Mercosur sobre la<br \/>\nproblem\u00e1tica de Trabajo Infantil y Trabajo Adolescente no protegido<br \/>\nen emergencia sanitaria por el COVID-19\u201d, recomendando promover las<br \/>\nmedidas, que el Mtess ha priorizado, como promover:<\/span><\/p>\n<p style=\"text-align: justify\"><span style=\"font-size: 16px\"><strong>1\u00b0<\/strong><br \/>\nGenerar las acciones necesarias para prevenir y erradicar el trabajo<br \/>\ninfantil, contemplando las especificidades del contexto de la<br \/>\npandemia: El Ministerio de Trabajo, Empleo y Seguridad Social<br \/>\n(Mtess), a trav\u00e9s de la plataforma virtual del Servicio Nacional de<br \/>\nPromoci\u00f3n Profesional (SNPP), ha realizado el curso de capacitaci\u00f3n<br \/>\nen Estrategias de Erradicaci\u00f3n de Trabajo Infantil, con 120 horas,<br \/>\nsiendo un curso de especializaci\u00f3n con dos ediciones en el a\u00f1o<br \/>\n2020. En el a\u00f1o 2021, sobre el Trabajo Adolescente Protegido, se<br \/>\nlanza el curso sobre el Registro del Adolescente Trabajador, con una<br \/>\ncarga horaria de 40 horas, con el prop\u00f3sito de fomentar la inclusi\u00f3n<br \/>\nen las empresas de los adolescentes de un modo seguro y formal.<\/span><\/p>\n<p style=\"text-align: justify\"><span style=\"font-size: 16px\"><strong>2\u00b0<br \/>\n<\/strong>Compartir informaci\u00f3n que muestre el v\u00ednculo entre los efectos<br \/>\nde la pandemia y las posibilidades de emergencia y\/o continuidad de<br \/>\ntrabajo infantil: Adem\u00e1s de las campa\u00f1as comunicacionales, y<br \/>\nlanzamiento del 2021 como A\u00f1o Internacional de Eliminaci\u00f3n del<br \/>\nTrabajo Infantil y Protecci\u00f3n del Trabajo Adolescente, la decisi\u00f3n<br \/>\nde realizar el curso de capacitaci\u00f3n de 120 horas para mayor<br \/>\ndifusi\u00f3n con mas de 1.500 participantes.<\/span><\/p>\n<p style=\"text-align: justify\"><span style=\"font-size: 16px\">Desde<br \/>\nla Direcci\u00f3n General de Protecci\u00f3n de la Ni\u00f1ez y la Adolescencia, se<br \/>\nha incorporado de forma efectiva la mediaci\u00f3n de trabajo adolescente<br \/>\npara cobro de haberes con apoyo a la intermediaci\u00f3n laboral.<\/span><\/p>\n<p style=\"text-align: justify\"><span style=\"font-size: 16px\"><strong>3\u00b0<\/strong><br \/>\nDifundir en las zonas fronterizas materiales comunicacionales<br \/>\nespec\u00edficos con el fin de informar y sensibilizar a la poblaci\u00f3n<br \/>\nsobre la problem\u00e1tica: En el a\u00f1o 2020, dentro del Plan Nacional de<br \/>\nTrata Integral que ha sido aprobado, el Ministerio de Trabajo, Empleo<br \/>\ny Seguridad Social y espec\u00edficamente la Direcci\u00f3n General de<br \/>\nProtecci\u00f3n a la Ni\u00f1ez y Adolescencia como representante en la Mesa<br \/>\nInterinstitucional coordinada por la Canciller\u00eda, ha incluido el<br \/>\nTrabajo Infantil y espec\u00edficamente dada la visibilidad de los ni\u00f1os,<br \/>\nni\u00f1as y adolescentes en situaci\u00f3n de retorno sin acompa\u00f1amiento,<br \/>\nha dejado en evidencia que se encontraban tanto en peores formas de<br \/>\ntrabajo infantil como otros en trabajo infantil peligroso, por lo que<br \/>\nse han priorizado programas y reactivaci\u00f3n de mesas en zona de<br \/>\nfrontera.<\/span><\/p>\n<p style=\"text-align: justify\"><span style=\"font-size: 16px\"><strong>4\u00b0<\/strong><br \/>\nIntercambiar experiencias exitosas para evitar el abandono escolar,<br \/>\nas\u00ed como cualquier otro fen\u00f3meno que desfavorece las trayectorias<br \/>\neducativas de ni\u00f1os, ni\u00f1as y adolescentes:  El cambio importante<br \/>\nque se ha llevado adelante con el cambio de las clases a virtuales en<br \/>\nel 2020, ha sido modificado en el a\u00f1o 2021 con el sistema de<br \/>\n\u201cburbujas\u201d, con clases presenciales y virtuales por grupos, con<br \/>\ndistanciamientos y cuidados.<\/span><\/p>\n<p style=\"text-align: justify\"><span style=\"font-size: 16px\">En<br \/>\ncuanto a la educaci\u00f3n no formal, el Ministerio de Trabajo, Empleo y<br \/>\nSeguridad Social, a trav\u00e9s del Servicio Nacional de Promoci\u00f3n<br \/>\nProfesional (SNPP) como el Sistema Nacional de Formaci\u00f3n y<br \/>\nCapacitaci\u00f3n Laboral (Sinafocal), han pasado las capacitaciones a la<br \/>\nmodalidad virtual, con clases online, como por v\u00eda telef\u00f3nica,<br \/>\ndonde j\u00f3venes y adolescentes se encuentran cursando capacitaciones<br \/>\nlaborales.<\/span><\/p>\n<p style=\"text-align: justify\"><span style=\"font-size: 16px\">El<br \/>\nPrograma de Entrenamiento Laboral Protegido, donde adolescentes<br \/>\nrealizan capacitaciones con pr\u00e1cticas laborales, han continuado con<br \/>\nlos requisitos de cuidados exigidos por bioseguridad.<\/span><\/p>\n<p style=\"text-align: justify\"><span style=\"font-size: 16px\"><strong>5\u00b0<\/strong><br \/>\nCompartir estrategias de fiscalizaci\u00f3n y verificaci\u00f3n del<br \/>\ncumplimiento de las regulaciones laborales relacionadas con la<br \/>\nprevenci\u00f3n y erradicaci\u00f3n del trabajo infantil y protecci\u00f3n del<br \/>\ntrabajo adolescente: La m\u00e1xima autoridad ha tomado la determinaci\u00f3n<br \/>\nde implementar el Procedimiento de Inspecci\u00f3n y Sumario en caso de<br \/>\nhallazgos de Trabajo Infantil o Trabajo Adolescente en situaci\u00f3n de<br \/>\nriesgo, donde ya se ha tenido las primeras intervenciones como casos<br \/>\nque han llegado a sumarios administrativos y multas, con la<br \/>\nparticipaci\u00f3n del Ministerio de la Defensa y el Ministerio Publico<br \/>\nde forma coordinada con el Ministerio de la Ni\u00f1ez y Adolescencia.<\/span><\/p>\n<p style=\"text-align: justify\"><span style=\"font-size: 16px\"><strong>6\u00b0<\/strong><br \/>\nCompartir pol\u00edticas de seguridad social exitosas en cuanto a la<br \/>\nsalud y seguridad social: El Ministerio de Trabajo, Empleo y<br \/>\nSeguridad Social, ha sustanciado los pedidos de suspensiones de<br \/>\ncontratos para que los trabajadores puedan acceder al pago de<br \/>\nsubsidio a trav\u00e9s del Instituto de Previsi\u00f3n Social, con la<br \/>\ninformatizaci\u00f3n del sistema de Obrero Patronal trabajando en red.<\/span><\/p>\n<p style=\"text-align: justify\"><span style=\"font-size: 16px\"><strong>7\u00b0<\/strong><br \/>\nCompartir medidas y estrategias que puedan mitigar el impacto de la<br \/>\npandemia en la econom\u00eda y reducir el riesgo de revertir los avances<br \/>\nque se han logrado en la reducci\u00f3n del trabajo infantil : Se ha<br \/>\nremitido tanto la experiencia de la Estrategia Nacional de<br \/>\nErradicaci\u00f3n de Trabajo Infantil y Protecci\u00f3n del Trabajo<br \/>\nAdolescente 2019-2024, coordinada por la Conaeti de forma tripartita,<br \/>\ncon ejes e indicadores de seguimiento.<\/span><\/p>\n<p style=\"text-align: justify\"><span style=\"font-size: 16px\">Del<br \/>\nmismo modo, el procedimiento establecido por la Resoluci\u00f3n MTESS<br \/>\nN\u00b0217\/2, donde se establece la prontitud requerida como la<br \/>\nposibilidad de cierre del local. Todo el proceso tiene el seguimiento<br \/>\nen la \u201cGu\u00eda de Instrucci\u00f3n para inspectores del trabajo en casos<br \/>\nde trabajo infantil y\/o trabajo adolescente\u201d.<\/span><\/p>\n<p style=\"text-align: justify\"><span style=\"font-size: 16px\"><strong>8\u00b0<\/strong><br \/>\nCompartir buenas pr\u00e1cticas sobre protocolos de bioseguridad en<br \/>\nambientes laborales de manera a garantizar el trabajo adolescente<br \/>\nprotegido al momento de retorno al trabajo: El Programa de<br \/>\nEntrenamiento Laboral Protegido, considerando que el programa de<br \/>\nformaci\u00f3n para adolescentes ha tenido que permanecer sin continuidad<br \/>\nen per\u00edodos m\u00e1s severos de la cuarentena inteligente, ha procurado<br \/>\nla instrucci\u00f3n permanente de los beneficiarios para la permanencia<br \/>\ntanto en la escuela como en las empresas de acogida.<\/span><\/p>\n<p style=\"text-align: justify\"><span style=\"font-size: 16px\"><strong>9\u00b0<\/strong><br \/>\nDise\u00f1ar e intercambiar estrategias integrales de prevenci\u00f3n y<br \/>\nerradicaci\u00f3n del trabajo infantil y protecci\u00f3n del trabajo<br \/>\nadolescente referidas a pol\u00edticas de trabajo y empleo, respetando<br \/>\nlas normas fundamentales del trabajo, el desarrollo productivo,<br \/>\npol\u00edticas distributivas, y, especialmente, el fortalecimiento de los<br \/>\nsistemas de protecci\u00f3n de derechos de ni\u00f1os, ni\u00f1as y adolescentes<br \/>\nuna vez finalizada la pandemia: Desde la Direcci\u00f3n General de<br \/>\nProtecci\u00f3n de la Ni\u00f1ez y la Adolescencia, se ha dise\u00f1ado el curso<br \/>\nde capacitaci\u00f3n virtual sobre el Registro del Adolescente<br \/>\nTrabajador, con la perspectiva de inclusi\u00f3n de los adolescentes en<br \/>\nla empresa de modo a promover el trabajo adolescente protegido como<br \/>\nuna forma de erradicaci\u00f3n del trabajo infantil.<\/span><\/p>\n","protected":false},"excerpt":{"rendered":"<p>Desde la Direcci\u00f3n General de Protecci\u00f3n de la Ni\u00f1ez y la Adolescencia, como Punto Focal en la Unidad Ejecutora del Plan Regional de Mercosur de Erradicaci\u00f3n del Trabajo Infantil, la directora general de la Direcci\u00f3n de Protecci\u00f3n de la Ni\u00f1ez y la Adolescencia Abg. Mariela G\u00f3mez, en las comunicaciones preliminares de la reuni\u00f3n del plan ha remitido buenas pr\u00e1cticas de Paraguay.<\/p>\n","protected":false},"author":7,"featured_media":0,"comment_status":"open","ping_status":"open","sticky":false,"template":"","format":"standard","meta":{"_acf_changed":false,"_uag_custom_page_level_css":"","footnotes":""},"categories":[1],"tags":[],"class_list":["post-7764","post","type-post","status-publish","format-standard","hentry","category-sin-categoria"],"acf":[],"uagb_featured_image_src":{"full":false,"thumbnail":false,"medium":false,"medium_large":false,"large":false,"1536x1536":false,"2048x2048":false,"depicter-thumbnail":false},"uagb_author_info":{"display_name":"Lucas Santacruz","author_link":"https:\/\/www.mtess.gov.py\/?author=7"},"uagb_comment_info":0,"uagb_excerpt":"Desde la Direcci\u00f3n General de Protecci\u00f3n de la Ni\u00f1ez y la Adolescencia, como Punto Focal en la Unidad Ejecutora del Plan Regional de Mercosur de Erradicaci\u00f3n del Trabajo Infantil, la directora general de la Direcci\u00f3n de Protecci\u00f3n de la Ni\u00f1ez y la Adolescencia Abg. Mariela G\u00f3mez, en las comunicaciones preliminares de la reuni\u00f3n del plan&hellip;","_links":{"self":[{"href":"https:\/\/www.mtess.gov.py\/index.php?rest_route=\/wp\/v2\/posts\/7764","targetHints":{"allow":["GET"]}}],"collection":[{"href":"https:\/\/www.mtess.gov.py\/index.php?rest_route=\/wp\/v2\/posts"}],"about":[{"href":"https:\/\/www.mtess.gov.py\/index.php?rest_route=\/wp\/v2\/types\/post"}],"author":[{"embeddable":true,"href":"https:\/\/www.mtess.gov.py\/index.php?rest_route=\/wp\/v2\/users\/7"}],"replies":[{"embeddable":true,"href":"https:\/\/www.mtess.gov.py\/index.php?rest_route=%2Fwp%2Fv2%2Fcomments&post=7764"}],"version-history":[{"count":0,"href":"https:\/\/www.mtess.gov.py\/index.php?rest_route=\/wp\/v2\/posts\/7764\/revisions"}],"wp:attachment":[{"href":"https:\/\/www.mtess.gov.py\/index.php?rest_route=%2Fwp%2Fv2%2Fmedia&parent=7764"}],"wp:term":[{"taxonomy":"category","embeddable":true,"href":"https:\/\/www.mtess.gov.py\/index.php?rest_route=%2Fwp%2Fv2%2Fcategories&post=7764"},{"taxonomy":"post_tag","embeddable":true,"href":"https:\/\/www.mtess.gov.py\/index.php?rest_route=%2Fwp%2Fv2%2Ftags&post=7764"}],"curies":[{"name":"wp","href":"https:\/\/api.w.org\/{rel}","templated":true}]}}